{"id":42982,"date":"2024-10-29T10:03:03","date_gmt":"2024-10-29T16:03:03","guid":{"rendered":"https:\/\/noticiasveracruz.com\/?p=42982"},"modified":"2024-10-29T10:03:03","modified_gmt":"2024-10-29T16:03:03","slug":"servidores-publicos-de-90-municipios-veracruzanos-participaron-en-el-curso-medios-alternativos-de-solucion-de-controversias-y-justicia-restaurativa","status":"publish","type":"post","link":"https:\/\/noticiasveracruz.com\/index.php\/2024\/10\/29\/servidores-publicos-de-90-municipios-veracruzanos-participaron-en-el-curso-medios-alternativos-de-solucion-de-controversias-y-justicia-restaurativa\/","title":{"rendered":"Servidores p\u00fablicos de 90 municipios veracruzanos participaron en el curso: \u201cMedios Alternativos de Soluci\u00f3n de Controversias y Justicia Restaurativa\u201d"},"content":{"rendered":"<p><span style=\"font-size: 14pt;\"><em><strong>\u2022 El alcalde Jos\u00e9 Manuel Pozos Castro clausur\u00f3 el curso y expres\u00f3 su agradecimiento al director del CEJAV.<\/strong><\/em><\/span><\/p>\n<p><span style=\"font-size: 14pt;\">El presidente municipal Lic. Jos\u00e9 Manuel Pozos Castro clausur\u00f3 el curso: \u201cMedios Alternativos de Soluci\u00f3n de Controversias y Justicia Restaurativa\u201d, impartido por el Centro Estatal de Justicia Alternativa de Veracruz (CEJAV), en el que participaron servidores p\u00fablicos de 90 municipios veracruzanos y uno de Michoac\u00e1n.<\/span><\/p>\n<p><span style=\"font-size: 14pt;\">El alcalde agradeci\u00f3 al Lic. Fernando Valerio Guti\u00e9rrez, director del CEJAV, as\u00ed como a cada uno de los ponentes, por el profesionalismo y responsabilidad mostrados al dise\u00f1ar este curso virtual en concordancia con el Modelo Homologado de Justicia C\u00edvica.<\/span><\/p>\n<p><span style=\"font-size: 14pt;\">\u201cSu experiencia y su profesionalismo han sido clave para brindarles a todos los participantes los conocimientos que, como autoridades, es nuestro deber crear y fomentar\u201d, destac\u00f3 la primera autoridad del municipio.<\/span><\/p>\n<p><span style=\"font-size: 14pt;\">Pozos Castro felicit\u00f3 a todos los participantes y dijo estar seguro de que los conocimientos adquiridos a lo largo de 9 sesiones, contribuir\u00e1n al fortalecimiento de sus habilidades en la resoluci\u00f3n pac\u00edfica de conflictos.<\/span><\/p>\n<p><span style=\"font-size: 14pt;\">En su mensaje de clausura reiter\u00f3 el compromiso que tiene como presidente municipal y servidor p\u00fablico, de seguir impulsando programas y proyectos que refuercen la construcci\u00f3n de una sociedad m\u00e1s pac\u00edfica.<\/span><\/p>\n","protected":false},"excerpt":{"rendered":"<p>\u2022 El alcalde Jos\u00e9 Manuel Pozos Castro clausur\u00f3 el curso y expres\u00f3 su agradecimiento al director del CEJAV. El presidente<\/p>\n","protected":false},"author":4,"featured_media":42983,"comment_status":"closed","ping_status":"closed","sticky":false,"template":"","format":"standard","meta":{"colormag_page_container_layout":"default_layout","colormag_page_sidebar_layout":"default_layout","_jetpack_memberships_contains_paid_content":false,"footnotes":"","jetpack_publicize_message":"","jetpack_publicize_feature_enabled":true,"jetpack_social_post_already_shared":true,"jetpack_social_options":{"image_generator_settings":{"template":"highway","default_image_id":0,"font":"","enabled":false},"version":2}},"categories":[3372,356],"tags":[],"class_list":["post-42982","post","type-post","status-publish","format-standard","has-post-thumbnail","hentry","category-gobierno-tuxpan","category-veracruz"],"jetpack_publicize_connections":[],"jetpack_featured_media_url":"https:\/\/noticiasveracruz.com\/wp-content\/uploads\/2024\/10\/03592639-3968-4f46-981f-7ae1c9616793.jpg","jetpack_sharing_enabled":true,"publishpress_future_action":{"enabled":false,"date":"2026-05-08 12:54:04","action":"change-status","newStatus":"draft","terms":[],"taxonomy":"category","extraData":[]},"publishpress_future_workflow_manual_trigger":{"enabledWorkflows":[]},"_links":{"self":[{"href":"https:\/\/noticiasveracruz.com\/index.php\/wp-json\/wp\/v2\/posts\/42982","targetHints":{"allow":["GET"]}}],"collection":[{"href":"https:\/\/noticiasveracruz.com\/index.php\/wp-json\/wp\/v2\/posts"}],"about":[{"href":"https:\/\/noticiasveracruz.com\/index.php\/wp-json\/wp\/v2\/types\/post"}],"author":[{"embeddable":true,"href":"https:\/\/noticiasveracruz.com\/index.php\/wp-json\/wp\/v2\/users\/4"}],"replies":[{"embeddable":true,"href":"https:\/\/noticiasveracruz.com\/index.php\/wp-json\/wp\/v2\/comments?post=42982"}],"version-history":[{"count":0,"href":"https:\/\/noticiasveracruz.com\/index.php\/wp-json\/wp\/v2\/posts\/42982\/revisions"}],"wp:featuredmedia":[{"embeddable":true,"href":"https:\/\/noticiasveracruz.com\/index.php\/wp-json\/wp\/v2\/media\/42983"}],"wp:attachment":[{"href":"https:\/\/noticiasveracruz.com\/index.php\/wp-json\/wp\/v2\/media?parent=42982"}],"wp:term":[{"taxonomy":"category","embeddable":true,"href":"https:\/\/noticiasveracruz.com\/index.php\/wp-json\/wp\/v2\/categories?post=42982"},{"taxonomy":"post_tag","embeddable":true,"href":"https:\/\/noticiasveracruz.com\/index.php\/wp-json\/wp\/v2\/tags?post=42982"}],"curies":[{"name":"wp","href":"https:\/\/api.w.org\/{rel}","templated":true}]}}