{"id":4296,"date":"2022-05-13T07:41:54","date_gmt":"2022-05-13T12:41:54","guid":{"rendered":"https:\/\/noticiasveracruz.com\/?p=4296"},"modified":"2022-05-13T20:32:33","modified_gmt":"2022-05-14T01:32:33","slug":"eje-nuevo-leon-jalisco-simbolo-del-motor-economico-en-mexico","status":"publish","type":"post","link":"https:\/\/noticiasveracruz.com\/index.php\/2022\/05\/13\/eje-nuevo-leon-jalisco-simbolo-del-motor-economico-en-mexico\/","title":{"rendered":"Eje Nuevo Le\u00f3n-Jalisco, \u201cs\u00edmbolo\u201d del motor econ\u00f3mico en M\u00e9xico"},"content":{"rendered":"<p class=\"p1\"><span style=\"font-size: 14pt;\"><em><strong>Nuevo Le\u00f3n.<\/strong> <\/em>Acuerdan los gobernadores de Jalisco,<strong> Enrique Alfaro<\/strong> y Nuevo Le\u00f3n, <strong>Samuel Garc\u00eda<\/strong> el <strong>Eje Nuevo Le\u00f3n-Jalisco<\/strong>, un plan de vinculaci\u00f3n econ\u00f3mica\u00a0con el fin de fortalecer el crecimiento y desarrollo de ambos estados. <\/span><\/p>\n<p class=\"p1\"><span style=\"font-size: 14pt;\">Esta firma se da en el <strong>Encuentro Empresarial 2022<\/strong>, el gobernador Samuel Garc\u00eda se\u00f1al\u00f3 que\u00a0ambos estados se constituyen en un s\u00edmbolo de gente trabajadora,\u00a0de cultura y de industria. <\/span><\/p>\n<p><img loading=\"lazy\" decoding=\"async\" class=\"aligncenter wp-image-5264 size-large\" src=\"https:\/\/politicosaldesnudo.com.mx\/wp-content\/uploads\/2022\/05\/P-PLAN2-1024x573.png\" alt=\"\" width=\"800\" height=\"448\" \/><\/p>\n<p>&nbsp;<\/p>\n<blockquote>\n<p class=\"p1\"><span style=\"font-size: 14pt;\">De eso se trata este eje Nuevo Le\u00f3n-Jalisco no competir, como nos complementamos porque si somos los motores econ\u00f3micos de M\u00e9xico juntos vamos a ser el gran motor econ\u00f3mico de este pa\u00eds\u00bb, manifest\u00f3.<\/span><\/p>\n<\/blockquote>\n<p class=\"p1\"><span style=\"font-size: 14pt;\">Sepulveda\u00a0convoc\u00f3 a los empresarios de ambos estados\u00a0a hacer el compromiso para que los impuestos que ambos generan se queden en dichas entidades.<\/span><\/p>\n<blockquote>\n<p class=\"p1\"><span style=\"font-size: 14pt;\">Este es el inicio de una gran agenda econ\u00f3mica, de un gran <strong>Eje Nuevo Le\u00f3n-Jalisco<\/strong> y que ambas entidades seguiremos siendo ejemplo de lo que aspira a ser un mexicano\u201d, agreg\u00f3. <\/span><\/p>\n<\/blockquote>\n<p class=\"p1\"><strong><span style=\"font-size: 14pt;\">Destac\u00f3 que de cada d\u00f3lar que se invierte en M\u00e9xico, el 25% llega a Nuevo Le\u00f3n y que el estado se posiciona en primer lugar nacional en generaci\u00f3n de empleo, en captaci\u00f3n de inversi\u00f3n extranjera y en exportaciones.<\/span><\/strong><\/p>\n<p>&nbsp;<\/p>\n<p class=\"p1\"><strong><span style=\"font-size: 18pt;\">\u201cYo quisiera que esta reuni\u00f3n y teniendo aqu\u00ed a los grandes empresarios de\u00a0Nuevo y Jalisco,\u00a0hagamos un compromiso de regresar el ISR a nuestras tierras, y\u00a0que nuestros impuestos se queden en nuestros estados,\u00a0es un dineral\u201d, concluy\u00f3 Samuel Garc\u00eda. <\/span><\/strong><\/p>\n<p>&nbsp;<\/p>\n<p class=\"p1\"><span style=\"font-size: 14pt;\">Por su parte, el gobernador de Jalisco respald\u00f3 el <strong>Eje Nuevo Le\u00f3n-Jalisco<\/strong> de su homologo para que los impuestos se queden en estas entidades. <\/span><\/p>\n<blockquote>\n<p class=\"p1\"><span style=\"font-size: 14pt;\">No es una lucha de car\u00e1cter partidista, pol\u00edtica, es una lucha por la dignidad y respeto al Pacto Federal; y un trato justo para que podamos tener los recursos y Jalisco y Nuevo Le\u00f3n sigan siendo locomotoras del desarrollo nacional\u00bb, coment\u00f3.<\/span><\/p>\n<\/blockquote>\n<p class=\"p1\"><span style=\"font-size: 14pt;\">El gobernador Alfaro propuso trabajar en el tema energ\u00e9tico,\u00a0en especial sobre la agenda ambiental sin dejar de lado los acuerdos internacionales como el de la\u00a0Conferencia de las Partes (COP).<\/span><\/p>\n<p>&nbsp;<\/p>\n<p>&nbsp;<\/p>\n<p>&nbsp;<\/p>\n","protected":false},"excerpt":{"rendered":"<p>Nuevo Le\u00f3n. Acuerdan los gobernadores de Jalisco, Enrique Alfaro y Nuevo Le\u00f3n, Samuel Garc\u00eda el Eje Nuevo Le\u00f3n-Jalisco, un plan<\/p>\n","protected":false},"author":4,"featured_media":4297,"comment_status":"closed","ping_status":"closed","sticky":false,"template":"","format":"standard","meta":{"colormag_page_container_layout":"default_layout","colormag_page_sidebar_layout":"default_layout","_jetpack_memberships_contains_paid_content":false,"footnotes":"","jetpack_publicize_message":"","jetpack_publicize_feature_enabled":true,"jetpack_social_post_already_shared":false,"jetpack_social_options":{"image_generator_settings":{"template":"highway","default_image_id":0,"font":"","enabled":false},"version":2}},"categories":[145],"tags":[695],"class_list":["post-4296","post","type-post","status-publish","format-standard","has-post-thumbnail","hentry","category-estados","tag-eje-nuevo-leon-jalisco"],"jetpack_publicize_connections":[],"jetpack_featured_media_url":"https:\/\/noticiasveracruz.com\/wp-content\/uploads\/2022\/05\/P-PLANNL.png","jetpack_sharing_enabled":true,"publishpress_future_action":{"enabled":false,"date":"2026-05-08 08:42:08","action":"change-status","newStatus":"draft","terms":[],"taxonomy":"category","extraData":[]},"publishpress_future_workflow_manual_trigger":{"enabledWorkflows":[]},"_links":{"self":[{"href":"https:\/\/noticiasveracruz.com\/index.php\/wp-json\/wp\/v2\/posts\/4296","targetHints":{"allow":["GET"]}}],"collection":[{"href":"https:\/\/noticiasveracruz.com\/index.php\/wp-json\/wp\/v2\/posts"}],"about":[{"href":"https:\/\/noticiasveracruz.com\/index.php\/wp-json\/wp\/v2\/types\/post"}],"author":[{"embeddable":true,"href":"https:\/\/noticiasveracruz.com\/index.php\/wp-json\/wp\/v2\/users\/4"}],"replies":[{"embeddable":true,"href":"https:\/\/noticiasveracruz.com\/index.php\/wp-json\/wp\/v2\/comments?post=4296"}],"version-history":[{"count":0,"href":"https:\/\/noticiasveracruz.com\/index.php\/wp-json\/wp\/v2\/posts\/4296\/revisions"}],"wp:featuredmedia":[{"embeddable":true,"href":"https:\/\/noticiasveracruz.com\/index.php\/wp-json\/wp\/v2\/media\/4297"}],"wp:attachment":[{"href":"https:\/\/noticiasveracruz.com\/index.php\/wp-json\/wp\/v2\/media?parent=4296"}],"wp:term":[{"taxonomy":"category","embeddable":true,"href":"https:\/\/noticiasveracruz.com\/index.php\/wp-json\/wp\/v2\/categories?post=4296"},{"taxonomy":"post_tag","embeddable":true,"href":"https:\/\/noticiasveracruz.com\/index.php\/wp-json\/wp\/v2\/tags?post=4296"}],"curies":[{"name":"wp","href":"https:\/\/api.w.org\/{rel}","templated":true}]}}