{"id":4291,"date":"2022-05-13T05:10:46","date_gmt":"2022-05-13T10:10:46","guid":{"rendered":"https:\/\/noticiasveracruz.com\/?p=4291"},"modified":"2022-05-13T06:57:14","modified_gmt":"2022-05-13T11:57:14","slug":"la-4t-o-la-restauracion-del-mas-autoritario-antidemocratico-y-viejo-pri","status":"publish","type":"post","link":"https:\/\/noticiasveracruz.com\/index.php\/2022\/05\/13\/la-4t-o-la-restauracion-del-mas-autoritario-antidemocratico-y-viejo-pri\/","title":{"rendered":"La \u201c4t\u201d, o la restauraci\u00f3n del m\u00e1s autoritario, antidemocr\u00e1tico y viejo PRI"},"content":{"rendered":"<p class=\"p2\"><strong><span style=\"font-size: 18pt;\"> Por Aurelio Contreras Moreno<\/span><\/strong><\/p>\n<p class=\"p1\"><span style=\"font-size: 14pt;\">La \u201ccolonizaci\u00f3n\u201d de la Suprema Corte de Justicia de la Naci\u00f3n con ministros y ministras afines al r\u00e9gimen de la autoproclamada \u201ccuarta transformaci\u00f3n\u201d mostr\u00f3 esta semana la ruta a la que necesariamente lleva la anulaci\u00f3n de facto de la divisi\u00f3n de poderes: la del retroceso autoritario.<\/span><\/p>\n<p class=\"p1\"><span style=\"font-size: 14pt;\">Primer acto:\u00a0la Primera Sala de la Suprema Corte de Justicia de la Naci\u00f3n, al inicio de la semana, aprob\u00f3 una jurisprudencia que avala un art\u00edculo de la\u00a0Ley de Instituciones de Cr\u00e9dito (LIC),\u00a0en la que se establece que el\u00a0secreto bancario\u00a0\u201cno opera\u201d trat\u00e1ndose de informaci\u00f3n requerida por las autoridades hacendarias federales para fines fiscales, otorgando con ello al Sistema de Administraci\u00f3n Tributaria la facultad de intervenir cuentas sin necesidad de resoluci\u00f3n judicial de por medio.<\/span><\/p>\n<p class=\"p1\"><span style=\"font-size: 14pt;\">A pesar de que los integrantes de dicha Sala reconocieron \u201cla relevancia del derecho a la privacidad\u201d, justificaron la vulneraci\u00f3n del secreto bancario con que, como todo derecho, \u201cno es absoluto\u201d, y entonces debe \u201cponderarse frente a otros fines de alta importancia constitucional, como cuando una autoridad hacendaria requiere informaci\u00f3n con la finalidad de verificar el correcto cumplimiento de la obligaci\u00f3n ciudadana de contribuir al gasto p\u00fablico, el cual puede mermarse a trav\u00e9s de conductas como la defraudaci\u00f3n fiscal, el lavado de dinero, el terrorismo o la delincuencia organizada\u201d.<\/span><\/p>\n<p class=\"p1\"><span style=\"font-size: 14pt;\">Semejante disparate fue propuesto por la ministra lopezobradorista Ana Margarita R\u00edos Farjat, quien en su ponencia \u2013que fue aprobada por cuatro votos contra uno- determin\u00f3 que el art\u00edculo 142, fracci\u00f3n IV, de la Ley de Instituciones de Cr\u00e9dito que implica la desaparici\u00f3n de derecho al secreto bancario \u201cno es arbitrario, desproporcional, ni vulnera el derecho a la vida privada, al permitir que las autoridades hacendarias federales requieran informaci\u00f3n para fines fiscales relacionada con el secreto bancario, sin mediar autorizaci\u00f3n judicial\u201d.<\/span><\/p>\n<p class=\"p1\"><span style=\"font-size: 14pt;\">Con esta resoluci\u00f3n, todos los ciudadanos quedamos expuestos a ser v\u00edctimas de terrorismo fiscal por parte de las autoridades hacendarias, que ya no saben de d\u00f3nde sacar dinero para financiar los delirios, caprichos y ocurrencias del aspirante a tiranozuelo que habita en Palacio Nacional.<\/span><\/p>\n<p class=\"p1\"><span style=\"font-size: 14pt;\">Adem\u00e1s, le da \u201cgarras y colmillos\u201d al SAT para hurgar en informaci\u00f3n sensible como la bancaria, que luego podr\u00e1 ser usada para agredir a adversarios pol\u00edticos o a cr\u00edticos, como ya de por s\u00ed hicieron con el periodista Carlos Loret exhibiendo sus presuntos ingresos y propiedades. La diferencia es que ahora podr\u00e1n hacerlo amparados por la ley, sin necesidad de violarla como acostumbran.<\/span><\/p>\n<p class=\"p1\"><span style=\"font-size: 14pt;\">Pero si eso representa un retroceso descomunal, lo que aprob\u00f3 la Corte este jueves abre la puerta a la anulaci\u00f3n del mism\u00edsimo Derecho a la Informaci\u00f3n, quiz\u00e1s el que ha sido el logro m\u00e1s importante de la sociedad mexicana \u2013junto con la alternancia en el poder- de los \u00faltimos 25 a\u00f1os.<\/span><\/p>\n<p class=\"p1\"><span style=\"font-size: 14pt;\">Segundo acto: la \u201ctremenda\u201d Corte que preside Arturo Zald\u00edvar Lelo de Larrea \u2013quien \u201cgraba con cincel\u201d su nombre en la historia como el principal y m\u00e1s ruin facilitador de la destrucci\u00f3n de la divisi\u00f3n de poderes- invalid\u00f3 una resoluci\u00f3n del Instituto Nacional de Transparencia, Acceso a la Informaci\u00f3n y Protecci\u00f3n de Datos Personales (INAI) en la que ordenaba entregar a un particular el nombre y cargo de todo el personal que realiza tareas sustantivas de investigaci\u00f3n y persecuci\u00f3n de delitos, adscrito a diversas subprocuradur\u00edas de la FGR, entre los que se incluyen agentes del Ministerio P\u00fablico de la Federaci\u00f3n, polic\u00edas federales ministeriales y peritos.<\/span><\/p>\n<p class=\"p1\"><span style=\"font-size: 14pt;\">M\u00e1s all\u00e1 de los argumentos que se adujeron, las ministras y ministros violentaron el principio de inatacabilidad de las resoluciones en materia de Derecho a la Informaci\u00f3n emitidas por el INAI, anulando en los hechos al organismo aut\u00f3nomo, algo que el presidente L\u00f3pez Obrador p\u00fablicamente ha admitido buscar y desear desde el inicio del sexenio.<\/span><\/p>\n<p class=\"p1\"><span style=\"font-size: 14pt;\">Si cualquiera \u2013en este caso, fue la Fiscal\u00eda General de la Rep\u00fablica- podr\u00e1 atacar judicialmente las resoluciones del INAI, entonces asistimos a la defunci\u00f3n del Derecho a la Informaci\u00f3n, de la rendici\u00f3n de cuentas y la transparencia en M\u00e9xico. De ese tama\u00f1o es lo que hicieron los serviles ministros y ministras.<\/span><\/p>\n<p class=\"p1\"><span style=\"font-size: 14pt;\">El camino est\u00e1 trazado: despu\u00e9s anular\u00e1n la autonom\u00eda del Tribunal Electoral del Poder Judicial de la Federaci\u00f3n y del Instituto Nacional Electoral sin necesidad de reforma constitucional; someter\u00e1n la fiscalizaci\u00f3n de las cuentas p\u00fablicas a los vaivenes de los intereses pol\u00edticos \u2013de por s\u00ed ya ocurre- y hundir\u00e1n a M\u00e9xico en el m\u00e1s profundo retroceso autoritario, cuyas consecuencias tardar\u00e1n d\u00e9cadas en revertirse.<\/span><\/p>\n<p class=\"p1\"><span style=\"font-size: 14pt;\">A eso lleg\u00f3 la \u201c4t\u201d al poder: a restaurar al viejo PRI. Al m\u00e1s autoritario y antidemocr\u00e1tico.<\/span><\/p>\n<p>&nbsp;<\/p>\n<p><span style=\"font-size: 14pt;\"><strong>ATAQUES CIBERN\u00c9TICOS A LA CLAVE<\/strong><\/span><\/p>\n<p class=\"p1\"><span style=\"font-size: 14pt;\">Acusamos recibo del ataque cibern\u00e9tico sufrido por el portal informativo La Clave online esta semana. El r\u00e9gimen detesta la cr\u00edtica, pero como no tiene manera de desmentirla, opta por el intento de censura. No nos van a callar.<\/span><\/p>\n<p class=\"p1\"><span style=\"font-size: 14pt;\">P.D. La porra los saluda.<\/span><\/p>\n<p>&nbsp;<\/p>\n<p>&nbsp;<\/p>\n<p class=\"p3\"><span style=\"font-size: 18pt;\"><strong><span class=\"s1\">Correo: <a href=\"mailto:aureliocontreras@gmail.com\"><span class=\"s2\">aureliocontreras@gmail.com<\/span><\/a><\/span><\/strong><\/span><\/p>\n<p class=\"p1\"><span style=\"font-size: 18pt;\"><strong>Twitter: <a href=\"https:\/\/twitter.com\/yeyocontreras\">@yeyocontreras<\/a><\/strong><\/span><\/p>\n<p>&nbsp;<\/p>\n","protected":false},"excerpt":{"rendered":"<p>Por Aurelio Contreras Moreno La \u201ccolonizaci\u00f3n\u201d de la Suprema Corte de Justicia de la Naci\u00f3n con ministros y ministras afines<\/p>\n","protected":false},"author":4,"featured_media":3578,"comment_status":"closed","ping_status":"closed","sticky":false,"template":"","format":"standard","meta":{"colormag_page_container_layout":"default_layout","colormag_page_sidebar_layout":"default_layout","_jetpack_memberships_contains_paid_content":false,"footnotes":"","jetpack_publicize_message":"","jetpack_publicize_feature_enabled":true,"jetpack_social_post_already_shared":false,"jetpack_social_options":{"image_generator_settings":{"template":"highway","default_image_id":0,"font":"","enabled":false},"version":2}},"categories":[6],"tags":[],"class_list":["post-4291","post","type-post","status-publish","format-standard","has-post-thumbnail","hentry","category-columnistas"],"jetpack_publicize_connections":[],"jetpack_featured_media_url":"https:\/\/noticiasveracruz.com\/wp-content\/uploads\/2022\/04\/P-AURELIO-CONTRERAS.png","jetpack_sharing_enabled":true,"publishpress_future_action":{"enabled":false,"date":"2026-05-08 11:18:05","action":"change-status","newStatus":"draft","terms":[],"taxonomy":"category","extraData":[]},"publishpress_future_workflow_manual_trigger":{"enabledWorkflows":[]},"_links":{"self":[{"href":"https:\/\/noticiasveracruz.com\/index.php\/wp-json\/wp\/v2\/posts\/4291","targetHints":{"allow":["GET"]}}],"collection":[{"href":"https:\/\/noticiasveracruz.com\/index.php\/wp-json\/wp\/v2\/posts"}],"about":[{"href":"https:\/\/noticiasveracruz.com\/index.php\/wp-json\/wp\/v2\/types\/post"}],"author":[{"embeddable":true,"href":"https:\/\/noticiasveracruz.com\/index.php\/wp-json\/wp\/v2\/users\/4"}],"replies":[{"embeddable":true,"href":"https:\/\/noticiasveracruz.com\/index.php\/wp-json\/wp\/v2\/comments?post=4291"}],"version-history":[{"count":0,"href":"https:\/\/noticiasveracruz.com\/index.php\/wp-json\/wp\/v2\/posts\/4291\/revisions"}],"wp:featuredmedia":[{"embeddable":true,"href":"https:\/\/noticiasveracruz.com\/index.php\/wp-json\/wp\/v2\/media\/3578"}],"wp:attachment":[{"href":"https:\/\/noticiasveracruz.com\/index.php\/wp-json\/wp\/v2\/media?parent=4291"}],"wp:term":[{"taxonomy":"category","embeddable":true,"href":"https:\/\/noticiasveracruz.com\/index.php\/wp-json\/wp\/v2\/categories?post=4291"},{"taxonomy":"post_tag","embeddable":true,"href":"https:\/\/noticiasveracruz.com\/index.php\/wp-json\/wp\/v2\/tags?post=4291"}],"curies":[{"name":"wp","href":"https:\/\/api.w.org\/{rel}","templated":true}]}}