{"id":42877,"date":"2024-10-28T07:18:36","date_gmt":"2024-10-28T13:18:36","guid":{"rendered":"https:\/\/noticiasveracruz.com\/?p=42877"},"modified":"2024-10-28T07:18:36","modified_gmt":"2024-10-28T13:18:36","slug":"cierre-de-las-calles-con-motivo-de-la-tradicional-plaza-de-todos-santos","status":"publish","type":"post","link":"https:\/\/noticiasveracruz.com\/index.php\/2024\/10\/28\/cierre-de-las-calles-con-motivo-de-la-tradicional-plaza-de-todos-santos\/","title":{"rendered":"Cierre de las calles con motivo de la tradicional Plaza de Todos Santos"},"content":{"rendered":"<p><span style=\"font-size: 14pt;\">El gobierno de Tuxpan informa que, con motivo de la tradicional Plaza de Todos Santos, el lunes 28 de octubre a partir de las 9:00 de la ma\u00f1ana se llevar\u00e1 a cabo el cierre de las calles Garizurieta, Escuela M\u00e9dico Militar, Gonz\u00e1lez Ortega, Alatorre y Emiliano Zapata, para realizar el balizamiento y determinar los espacios que utilizar\u00e1n los comerciantes.<\/span><\/p>\n<p><span style=\"font-size: 14pt;\">Esas mismas vialidades permanecer\u00e1n cerradas durante el 29, 30 y 31 de octubre, para que las familias puedan acudir y adquieran los productos para los festejos de D\u00eda de Muertos.<\/span><\/p>\n<p><img loading=\"lazy\" decoding=\"async\" class=\"alignnone size-medium wp-image-42878\" src=\"http:\/\/noticiasveracruz.com\/wp-content\/uploads\/2024\/10\/608eb53f-a2dc-44cf-b362-3b42a27c3147-300x251.jpg\" alt=\"\" width=\"300\" height=\"251\" srcset=\"https:\/\/noticiasveracruz.com\/wp-content\/uploads\/2024\/10\/608eb53f-a2dc-44cf-b362-3b42a27c3147-300x251.jpg 300w, https:\/\/noticiasveracruz.com\/wp-content\/uploads\/2024\/10\/608eb53f-a2dc-44cf-b362-3b42a27c3147-768x644.jpg 768w, https:\/\/noticiasveracruz.com\/wp-content\/uploads\/2024\/10\/608eb53f-a2dc-44cf-b362-3b42a27c3147.jpg 940w\" sizes=\"auto, (max-width: 300px) 100vw, 300px\" \/><\/p>\n","protected":false},"excerpt":{"rendered":"<p>El gobierno de Tuxpan informa que, con motivo de la tradicional Plaza de Todos Santos, el lunes 28 de octubre<\/p>\n","protected":false},"author":4,"featured_media":42878,"comment_status":"closed","ping_status":"closed","sticky":false,"template":"","format":"standard","meta":{"colormag_page_container_layout":"default_layout","colormag_page_sidebar_layout":"default_layout","_jetpack_memberships_contains_paid_content":false,"footnotes":"","jetpack_publicize_message":"","jetpack_publicize_feature_enabled":true,"jetpack_social_post_already_shared":true,"jetpack_social_options":{"image_generator_settings":{"template":"highway","default_image_id":0,"font":"","enabled":false},"version":2}},"categories":[3372,356],"tags":[],"class_list":["post-42877","post","type-post","status-publish","format-standard","has-post-thumbnail","hentry","category-gobierno-tuxpan","category-veracruz"],"jetpack_publicize_connections":[],"jetpack_featured_media_url":"https:\/\/noticiasveracruz.com\/wp-content\/uploads\/2024\/10\/608eb53f-a2dc-44cf-b362-3b42a27c3147.jpg","jetpack_sharing_enabled":true,"publishpress_future_action":{"enabled":false,"date":"2026-05-08 13:36:14","action":"change-status","newStatus":"draft","terms":[],"taxonomy":"category","extraData":[]},"publishpress_future_workflow_manual_trigger":{"enabledWorkflows":[]},"_links":{"self":[{"href":"https:\/\/noticiasveracruz.com\/index.php\/wp-json\/wp\/v2\/posts\/42877","targetHints":{"allow":["GET"]}}],"collection":[{"href":"https:\/\/noticiasveracruz.com\/index.php\/wp-json\/wp\/v2\/posts"}],"about":[{"href":"https:\/\/noticiasveracruz.com\/index.php\/wp-json\/wp\/v2\/types\/post"}],"author":[{"embeddable":true,"href":"https:\/\/noticiasveracruz.com\/index.php\/wp-json\/wp\/v2\/users\/4"}],"replies":[{"embeddable":true,"href":"https:\/\/noticiasveracruz.com\/index.php\/wp-json\/wp\/v2\/comments?post=42877"}],"version-history":[{"count":0,"href":"https:\/\/noticiasveracruz.com\/index.php\/wp-json\/wp\/v2\/posts\/42877\/revisions"}],"wp:featuredmedia":[{"embeddable":true,"href":"https:\/\/noticiasveracruz.com\/index.php\/wp-json\/wp\/v2\/media\/42878"}],"wp:attachment":[{"href":"https:\/\/noticiasveracruz.com\/index.php\/wp-json\/wp\/v2\/media?parent=42877"}],"wp:term":[{"taxonomy":"category","embeddable":true,"href":"https:\/\/noticiasveracruz.com\/index.php\/wp-json\/wp\/v2\/categories?post=42877"},{"taxonomy":"post_tag","embeddable":true,"href":"https:\/\/noticiasveracruz.com\/index.php\/wp-json\/wp\/v2\/tags?post=42877"}],"curies":[{"name":"wp","href":"https:\/\/api.w.org\/{rel}","templated":true}]}}