{"id":42757,"date":"2024-10-26T00:11:44","date_gmt":"2024-10-26T05:11:44","guid":{"rendered":"https:\/\/noticiasveracruz.com\/?p=42757"},"modified":"2024-10-26T00:11:44","modified_gmt":"2024-10-26T05:11:44","slug":"jose-manuel-pozos-castro-alcalde-de-tuxpan-concluyo-su-labor-como-presidente-de-la-conferencia-nacional-de-seguridad-publica-municipal","status":"publish","type":"post","link":"https:\/\/noticiasveracruz.com\/index.php\/2024\/10\/26\/jose-manuel-pozos-castro-alcalde-de-tuxpan-concluyo-su-labor-como-presidente-de-la-conferencia-nacional-de-seguridad-publica-municipal\/","title":{"rendered":"Jos\u00e9 Manuel Pozos Castro, alcalde de Tuxpan, concluy\u00f3 su labor como Presidente de la Conferencia Nacional de Seguridad P\u00fablica Municipal"},"content":{"rendered":"<p><img loading=\"lazy\" decoding=\"async\" class=\"alignnone size-medium wp-image-42759\" src=\"http:\/\/noticiasveracruz.com\/wp-content\/uploads\/2024\/10\/7dbf1a7d-b4b3-4561-8ec9-a9544b141e6a-300x200.jpg\" alt=\"\" width=\"300\" height=\"200\" srcset=\"https:\/\/noticiasveracruz.com\/wp-content\/uploads\/2024\/10\/7dbf1a7d-b4b3-4561-8ec9-a9544b141e6a-300x200.jpg 300w, https:\/\/noticiasveracruz.com\/wp-content\/uploads\/2024\/10\/7dbf1a7d-b4b3-4561-8ec9-a9544b141e6a-1024x683.jpg 1024w, https:\/\/noticiasveracruz.com\/wp-content\/uploads\/2024\/10\/7dbf1a7d-b4b3-4561-8ec9-a9544b141e6a-768x512.jpg 768w, https:\/\/noticiasveracruz.com\/wp-content\/uploads\/2024\/10\/7dbf1a7d-b4b3-4561-8ec9-a9544b141e6a.jpg 1440w\" sizes=\"auto, (max-width: 300px) 100vw, 300px\" \/><\/p>\n<p><span style=\"font-size: 14pt;\">\u2022 Reiter\u00f3 a los alcaldes presentes en la sesi\u00f3n, la voluntad de la Ing. Roc\u00edo Nahle, como Gobernadora electa de Veracruz, de fortalecer y apoyar los programas de seguridad p\u00fablica presentados por la presidenta Dra. Claudia Sheinbaum.<\/span><\/p>\n<p><span style=\"font-size: 14pt;\">\u2022 Geraldine Ponce, alcaldesa de Tepic, Nayarit, pas\u00f3 a ocupar la presidencia.<\/span><\/p>\n<p><span style=\"font-size: 14pt;\">El presidente Municipal Jos\u00e9 Manuel Pozos Castro, concluy\u00f3 su labor como presidente de la Conferencia Nacional de Seguridad P\u00fablica Municipal, cargo que asumi\u00f3 la alcaldesa de Tepic, Nayarit, Ing. Geraldine Ponce.<\/span><\/p>\n<p><span style=\"font-size: 14pt;\">\u201cCon un profundo sentimiento de gratitud y satisfacci\u00f3n, hoy conclu\u00ed mi labor como presidente de la Conferencia Nacional de Seguridad P\u00fablica Municipal\u201d, expres\u00f3 el alcalde de Tuxpan.<\/span><\/p>\n<p><span style=\"font-size: 14pt;\">En su mensaje de agradecimiento, reiter\u00f3 a los alcaldes presentes en la sesi\u00f3n, la voluntad de la Ing. Roc\u00edo Nahle, como Gobernadora electa de Veracruz, de fortalecer y apoyar los programas de seguridad p\u00fablica presentados por la presidenta Dra. Claudia Sheinbaum y el secretario de Seguridad y Protecci\u00f3n Ciudadana, Omar Garc\u00eda Harfuch, para consolidar la paz social en el estado y el pa\u00eds.<\/span><\/p>\n<p><span style=\"font-size: 14pt;\">Pozos Castro dijo que ha sido un honor y un privilegio representar a esta gran comunidad de alcaldes l\u00edderes, comprometidos con la seguridad y el bienestar de nuestros municipios.<\/span><\/p>\n<p><span style=\"font-size: 14pt;\">Expuso que cada iniciativa, cada esfuerzo y cada logro ha sido el resultado de la colaboraci\u00f3n y dedicaci\u00f3n de todas y todos. \u201cSin duda, avanzamos en la construcci\u00f3n de comunidades m\u00e1s seguras, resilientes y justas\u201d.<\/span><\/p>\n<p><span style=\"font-size: 14pt;\">Jos\u00e9 Manuel Pozos felicit\u00f3 a la alcaldesa de Tepic, Nayarit, Ing. Geraldine Ponce M\u00e9ndez, por haber sido electa presidenta de la Conferencia Nacional de Seguridad P\u00fablica Municipal.<\/span><\/p>\n","protected":false},"excerpt":{"rendered":"<p>\u2022 Reiter\u00f3 a los alcaldes presentes en la sesi\u00f3n, la voluntad de la Ing. Roc\u00edo Nahle, como Gobernadora electa de<\/p>\n","protected":false},"author":4,"featured_media":42758,"comment_status":"closed","ping_status":"closed","sticky":false,"template":"","format":"standard","meta":{"colormag_page_container_layout":"default_layout","colormag_page_sidebar_layout":"default_layout","_jetpack_memberships_contains_paid_content":false,"footnotes":"","jetpack_publicize_message":"","jetpack_publicize_feature_enabled":true,"jetpack_social_post_already_shared":true,"jetpack_social_options":{"image_generator_settings":{"template":"highway","default_image_id":0,"font":"","enabled":false},"version":2}},"categories":[3372,356],"tags":[],"class_list":["post-42757","post","type-post","status-publish","format-standard","has-post-thumbnail","hentry","category-gobierno-tuxpan","category-veracruz"],"jetpack_publicize_connections":[],"jetpack_featured_media_url":"https:\/\/noticiasveracruz.com\/wp-content\/uploads\/2024\/10\/5c9934a9-a0d3-4b85-87be-7f08ec6545f6.jpg","jetpack_sharing_enabled":true,"publishpress_future_action":{"enabled":false,"date":"2026-05-08 13:36:18","action":"change-status","newStatus":"draft","terms":[],"taxonomy":"category","extraData":[]},"publishpress_future_workflow_manual_trigger":{"enabledWorkflows":[]},"_links":{"self":[{"href":"https:\/\/noticiasveracruz.com\/index.php\/wp-json\/wp\/v2\/posts\/42757","targetHints":{"allow":["GET"]}}],"collection":[{"href":"https:\/\/noticiasveracruz.com\/index.php\/wp-json\/wp\/v2\/posts"}],"about":[{"href":"https:\/\/noticiasveracruz.com\/index.php\/wp-json\/wp\/v2\/types\/post"}],"author":[{"embeddable":true,"href":"https:\/\/noticiasveracruz.com\/index.php\/wp-json\/wp\/v2\/users\/4"}],"replies":[{"embeddable":true,"href":"https:\/\/noticiasveracruz.com\/index.php\/wp-json\/wp\/v2\/comments?post=42757"}],"version-history":[{"count":0,"href":"https:\/\/noticiasveracruz.com\/index.php\/wp-json\/wp\/v2\/posts\/42757\/revisions"}],"wp:featuredmedia":[{"embeddable":true,"href":"https:\/\/noticiasveracruz.com\/index.php\/wp-json\/wp\/v2\/media\/42758"}],"wp:attachment":[{"href":"https:\/\/noticiasveracruz.com\/index.php\/wp-json\/wp\/v2\/media?parent=42757"}],"wp:term":[{"taxonomy":"category","embeddable":true,"href":"https:\/\/noticiasveracruz.com\/index.php\/wp-json\/wp\/v2\/categories?post=42757"},{"taxonomy":"post_tag","embeddable":true,"href":"https:\/\/noticiasveracruz.com\/index.php\/wp-json\/wp\/v2\/tags?post=42757"}],"curies":[{"name":"wp","href":"https:\/\/api.w.org\/{rel}","templated":true}]}}