{"id":42743,"date":"2024-10-25T12:11:36","date_gmt":"2024-10-25T17:11:36","guid":{"rendered":"https:\/\/noticiasveracruz.com\/?p=42743"},"modified":"2024-10-25T12:11:36","modified_gmt":"2024-10-25T17:11:36","slug":"urge-el-apoyo-a-damnificados-por-las-lluvias","status":"publish","type":"post","link":"https:\/\/noticiasveracruz.com\/index.php\/2024\/10\/25\/urge-el-apoyo-a-damnificados-por-las-lluvias\/","title":{"rendered":"Urge el Apoyo a Damnificados por las Lluvias"},"content":{"rendered":"<div><span style=\"font-size: 14pt;\">\u00b7\u00a0\u00a0\u00a0\u00a0\u00a0 \u00a0Han golpeado a diversas regiones del estado de Veracruz<\/span><\/div>\n<div><span style=\"font-size: 14pt;\">\u00b7\u00a0\u00a0\u00a0\u00a0\u00a0 \u00a0Los recursos del Fondo de Desastres fueron desaparecidos<\/span><\/div>\n<div><span style=\"font-size: 14pt;\">\u00b7\u00a0\u00a0\u00a0\u00a0\u00a0 \u00a0Se registra un aumento en el n\u00famero de damnificados<\/span><\/div>\n<div><\/div>\n<div style=\"text-align: left;\" align=\"center\"><strong><span style=\"font-size: 14pt;\">Por Miguel \u00c1ngel Cristiani G.<\/span><\/strong><\/div>\n<div align=\"center\"><\/div>\n<div><span style=\"font-size: 14pt;\">Las lluvias intensas han golpeado a diversas regiones del estado de Veracruz, dejando a su paso devastaci\u00f3n y sufrimiento. Las comunidades afectadas enfrentan retos enormes. La necesidad de apoyo es urgente.<\/span><\/div>\n<div><span style=\"font-size: 14pt;\">El cambio clim\u00e1tico ha alterado patrones meteorol\u00f3gicos. Las lluvias torrenciales se han vuelto m\u00e1s frecuentes. Esto no es un fen\u00f3meno aislado; es una tendencia global. Las sequ\u00edas y las inundaciones ahora coexisten, afectando la agricultura y la seguridad alimentaria.<\/span><\/div>\n<div><span style=\"font-size: 14pt;\">Vemos a diario en los noticieros de televisi\u00f3n que las lluvias han causado estragos en varias partes del pa\u00eds. Cientos de personas han perdido sus hogares. La infraestructura ha sido severamente da\u00f1ada. Las estad\u00edsticas muestran un aumento en el n\u00famero de damnificados. Este panorama requiere una respuesta coordinada.<\/span><\/div>\n<div><span style=\"font-size: 14pt;\">Las lluvias no s\u00f3lo destruyen propiedades. Tambi\u00e9n afectan la salud mental de las personas. La incertidumbre crea ansiedad. Muchos pierden no solo su hogar, sino tambi\u00e9n su sentido de pertenencia. Las comunidades se ven obligadas a reconstituirse en medio de la adversidad.<\/span><\/div>\n<div><span style=\"font-size: 14pt;\">Desde antes ya el acceso a servicios de salud se complica. Las condiciones insalubres aumentan el riesgo de enfermedades. La desnutrici\u00f3n tambi\u00e9n se vuelve un problema. Las familias que ya viv\u00edan en la pobreza ahora enfrentan una crisis a\u00fan mayor.<\/span><\/div>\n<div><span style=\"font-size: 14pt;\">Los gobiernos deben actuar r\u00e1pidamente. La ayuda humanitaria debe ser prioritaria. Sin embargo, a menudo hay retrasos en la respuesta. La burocracia y la falta de recursos son obst\u00e1culos comunes. Es vital que se establezcan protocolos eficientes.<\/span><\/div>\n<div><span style=\"font-size: 14pt;\">Pero adem\u00e1s los recursos del FONDEN Fondo de Desastres Naturales a nivel federal fueron desaparecidos desde la anterior administraci\u00f3n, para destinarlo a las obras fara\u00f3nicas.<\/span><\/div>\n<div><span style=\"font-size: 14pt;\">En ese triste panorama, las ONG desempe\u00f1an un papel fundamental en la asistencia. Su presencia en terreno les permite actuar r\u00e1pidamente. Ofrecen ayuda inmediata y apoyo a largo plazo. La colaboraci\u00f3n entre sectores es necesaria para maximizar el impacto.<\/span><\/div>\n<div><span style=\"font-size: 14pt;\">Los proyectos de recuperaci\u00f3n son vitales. No solo ayudan a restablecer la infraestructura. Tambi\u00e9n promueven la resiliencia de las comunidades. La educaci\u00f3n y la capacitaci\u00f3n son componentes clave. Preparar a la poblaci\u00f3n para futuros desastres es esencial.<\/span><\/div>\n<div><span style=\"font-size: 14pt;\">Las historias personales que estamos viendo son el coraz\u00f3n de esta crisis. Muchos comparten relatos de p\u00e9rdida y esperanza. A trav\u00e9s de sus voces, entendemos la magnitud del sufrimiento. Estos testimonios deben ser escuchados y validados.<\/span><\/div>\n<div><span style=\"font-size: 14pt;\">Se anuncian recursos multimillonarios para responder a las cat\u00e1strofes como la ocurrida en Acapulco, donde a un a\u00f1o de distancia, todav\u00eda no se logra una estabilidad.<\/span><\/div>\n<div><span style=\"font-size: 14pt;\">Algunas comunidades han logrado unirse y reconstruirse. La solidaridad entre vecinos ha sido un faro de esperanza. Estas iniciativas locales demuestran que, a pesar de la adversidad, hay posibilidades de resurgimiento.<\/span><\/div>\n<div><span style=\"font-size: 14pt;\">Las necesidades en las zonas inundadas por los r\u00edos desbordados son variadas. Desde alimentos y agua hasta refugio y atenci\u00f3n m\u00e9dica. La coordinaci\u00f3n entre diferentes actores es clave. Cada minuto cuenta en situaciones de emergencia.<\/span><\/div>\n<div><span style=\"font-size: 14pt;\">No basta con una respuesta inmediata. Tambi\u00e9n se requiere planificaci\u00f3n a largo plazo. Las estrategias deben incluir medidas de prevenci\u00f3n. La construcci\u00f3n de infraestructuras resilientes es un paso necesario. Si ya se sabe que cada a\u00f1o es la misma historia con las inundaciones.<\/span><\/div>\n<div><span style=\"font-size: 14pt;\">El apoyo a los damnificados por las lluvias es crucial. La responsabilidad recae en todos: gobiernos, ONG y ciudadanos. La colaboraci\u00f3n es esencial para superar esta crisis. La resiliencia de las comunidades depende de nuestra acci\u00f3n conjunta.<\/span><\/div>\n<div><span style=\"font-size: 14pt;\">Es el momento de actuar. Las comunidades necesitan nuestra ayuda. No podemos quedarnos de brazos cruzados. Debemos unir esfuerzos para brindar apoyo y esperanza.<\/span><\/div>\n","protected":false},"excerpt":{"rendered":"<p>\u00b7\u00a0\u00a0\u00a0\u00a0\u00a0 \u00a0Han golpeado a diversas regiones del estado de Veracruz \u00b7\u00a0\u00a0\u00a0\u00a0\u00a0 \u00a0Los recursos del Fondo de Desastres fueron desaparecidos \u00b7\u00a0\u00a0\u00a0\u00a0\u00a0<\/p>\n","protected":false},"author":4,"featured_media":29037,"comment_status":"closed","ping_status":"closed","sticky":false,"template":"","format":"standard","meta":{"colormag_page_container_layout":"default_layout","colormag_page_sidebar_layout":"default_layout","_jetpack_memberships_contains_paid_content":false,"footnotes":"","jetpack_publicize_message":"","jetpack_publicize_feature_enabled":true,"jetpack_social_post_already_shared":true,"jetpack_social_options":{"image_generator_settings":{"template":"highway","default_image_id":0,"font":"","enabled":false},"version":2}},"categories":[6],"tags":[],"class_list":["post-42743","post","type-post","status-publish","format-standard","has-post-thumbnail","hentry","category-columnistas"],"jetpack_publicize_connections":[],"jetpack_featured_media_url":"https:\/\/noticiasveracruz.com\/wp-content\/uploads\/2024\/04\/BANNER-cristiani-NV.jpg","jetpack_sharing_enabled":true,"publishpress_future_action":{"enabled":false,"date":"2026-05-10 06:34:20","action":"change-status","newStatus":"draft","terms":[],"taxonomy":"category","extraData":[]},"publishpress_future_workflow_manual_trigger":{"enabledWorkflows":[]},"_links":{"self":[{"href":"https:\/\/noticiasveracruz.com\/index.php\/wp-json\/wp\/v2\/posts\/42743","targetHints":{"allow":["GET"]}}],"collection":[{"href":"https:\/\/noticiasveracruz.com\/index.php\/wp-json\/wp\/v2\/posts"}],"about":[{"href":"https:\/\/noticiasveracruz.com\/index.php\/wp-json\/wp\/v2\/types\/post"}],"author":[{"embeddable":true,"href":"https:\/\/noticiasveracruz.com\/index.php\/wp-json\/wp\/v2\/users\/4"}],"replies":[{"embeddable":true,"href":"https:\/\/noticiasveracruz.com\/index.php\/wp-json\/wp\/v2\/comments?post=42743"}],"version-history":[{"count":0,"href":"https:\/\/noticiasveracruz.com\/index.php\/wp-json\/wp\/v2\/posts\/42743\/revisions"}],"wp:featuredmedia":[{"embeddable":true,"href":"https:\/\/noticiasveracruz.com\/index.php\/wp-json\/wp\/v2\/media\/29037"}],"wp:attachment":[{"href":"https:\/\/noticiasveracruz.com\/index.php\/wp-json\/wp\/v2\/media?parent=42743"}],"wp:term":[{"taxonomy":"category","embeddable":true,"href":"https:\/\/noticiasveracruz.com\/index.php\/wp-json\/wp\/v2\/categories?post=42743"},{"taxonomy":"post_tag","embeddable":true,"href":"https:\/\/noticiasveracruz.com\/index.php\/wp-json\/wp\/v2\/tags?post=42743"}],"curies":[{"name":"wp","href":"https:\/\/api.w.org\/{rel}","templated":true}]}}