{"id":42715,"date":"2024-10-25T00:20:32","date_gmt":"2024-10-25T05:20:32","guid":{"rendered":"https:\/\/noticiasveracruz.com\/?p=42715"},"modified":"2024-10-25T00:20:32","modified_gmt":"2024-10-25T05:20:32","slug":"el-max-presunto-operador-del-cartel-de-sinaloa-queda-en-prision-preventiva-en-el-altiplano","status":"publish","type":"post","link":"https:\/\/noticiasveracruz.com\/index.php\/2024\/10\/25\/el-max-presunto-operador-del-cartel-de-sinaloa-queda-en-prision-preventiva-en-el-altiplano\/","title":{"rendered":"El Max, presunto operador del C\u00e1rtel de Sinaloa, queda en prisi\u00f3n preventiva en el Altiplano"},"content":{"rendered":"<div class=\"content-body clearfix \">\n<div id=\"content-body-225-12765403\">\n<p><span style=\"font-size: 14pt;\">La Secretar\u00eda de Seguridad y Protecci\u00f3n Ciudadana (SSPC) inform\u00f3 que Edwin Antonio Rubio L\u00f3pez, alias \u2018El Max\u2019, fue trasladado al penal de m\u00e1xima seguridad del Altiplano, ubicado en el Estado de M\u00e9xico.<\/span><\/p>\n<p><span style=\"font-size: 14pt;\">Quien es considerado presunto operador de la facci\u00f3n de \u2018La Mayiza\u2019 del C\u00e1rtel de Sinaloa fue aprehendido ayer en un violento enfrentamiento en Culiac\u00e1n, Sinaloa, que provoc\u00f3 la muerte de 19 personas.<\/span><\/p>\n<\/div>\n<\/div>\n<div class=\"advertisment \">\n<div id=\"dfp-nota-1x3s\" data-google-query-id=\"COSqtZjkqIkDFZmvpgQd3mA7ig\">\n<div id=\"google_ads_iframe_\/2000002\/la-prensa\/mexico_nota_1x3_0__container__\">\n<div id=\"inArticle_1\" class=\"st-placement inArticle_1 inArticle\">\n<div class=\"st-adunit st-adunit-tagged st-reset st-show\">\n<div class=\"st-adunit-ad st-reset\">\n<div class=\"st-display-render st-reset open 320x480\">\n<div class=\"st-canvas st-reset horizontal-static\"><span style=\"font-size: 14pt;\">De acuerdo con la SSPC, este mismo d\u00eda \u2018El Max\u2019 fue llevado ante el juez de control del Altiplano, quien imput\u00f3 a Rubio L\u00f3pez por los delitos de posesi\u00f3n de arma de fuego del uso exclusivo del Ej\u00e9rcito, Armada y Fuerza A\u00e9rea; posesi\u00f3n de cartuchos y cargadores, y contra la salud (en la modalidad de posesi\u00f3n), todos ellos cometidos en la modalidad de pandilla.<\/span><\/div>\n<\/div>\n<\/div>\n<\/div>\n<\/div>\n<\/div>\n<\/div>\n<\/div>\n","protected":false},"excerpt":{"rendered":"<p>La Secretar\u00eda de Seguridad y Protecci\u00f3n Ciudadana (SSPC) inform\u00f3 que Edwin Antonio Rubio L\u00f3pez, alias \u2018El Max\u2019, fue trasladado al<\/p>\n","protected":false},"author":4,"featured_media":42716,"comment_status":"closed","ping_status":"closed","sticky":false,"template":"","format":"standard","meta":{"colormag_page_container_layout":"default_layout","colormag_page_sidebar_layout":"default_layout","_jetpack_memberships_contains_paid_content":false,"footnotes":"","jetpack_publicize_message":"","jetpack_publicize_feature_enabled":true,"jetpack_social_post_already_shared":true,"jetpack_social_options":{"image_generator_settings":{"template":"highway","default_image_id":0,"font":"","enabled":false},"version":2}},"categories":[4],"tags":[],"class_list":["post-42715","post","type-post","status-publish","format-standard","has-post-thumbnail","hentry","category-nacional"],"jetpack_publicize_connections":[],"jetpack_featured_media_url":"https:\/\/noticiasveracruz.com\/wp-content\/uploads\/2024\/10\/El-Max-presunto-operador-del-Cartel-de-Sinaloa-queda-en-prision-preventiva-en-el-Altiplano.png","jetpack_sharing_enabled":true,"publishpress_future_action":{"enabled":false,"date":"2026-05-10 11:18:10","action":"change-status","newStatus":"draft","terms":[],"taxonomy":"category","extraData":[]},"publishpress_future_workflow_manual_trigger":{"enabledWorkflows":[]},"_links":{"self":[{"href":"https:\/\/noticiasveracruz.com\/index.php\/wp-json\/wp\/v2\/posts\/42715","targetHints":{"allow":["GET"]}}],"collection":[{"href":"https:\/\/noticiasveracruz.com\/index.php\/wp-json\/wp\/v2\/posts"}],"about":[{"href":"https:\/\/noticiasveracruz.com\/index.php\/wp-json\/wp\/v2\/types\/post"}],"author":[{"embeddable":true,"href":"https:\/\/noticiasveracruz.com\/index.php\/wp-json\/wp\/v2\/users\/4"}],"replies":[{"embeddable":true,"href":"https:\/\/noticiasveracruz.com\/index.php\/wp-json\/wp\/v2\/comments?post=42715"}],"version-history":[{"count":0,"href":"https:\/\/noticiasveracruz.com\/index.php\/wp-json\/wp\/v2\/posts\/42715\/revisions"}],"wp:featuredmedia":[{"embeddable":true,"href":"https:\/\/noticiasveracruz.com\/index.php\/wp-json\/wp\/v2\/media\/42716"}],"wp:attachment":[{"href":"https:\/\/noticiasveracruz.com\/index.php\/wp-json\/wp\/v2\/media?parent=42715"}],"wp:term":[{"taxonomy":"category","embeddable":true,"href":"https:\/\/noticiasveracruz.com\/index.php\/wp-json\/wp\/v2\/categories?post=42715"},{"taxonomy":"post_tag","embeddable":true,"href":"https:\/\/noticiasveracruz.com\/index.php\/wp-json\/wp\/v2\/tags?post=42715"}],"curies":[{"name":"wp","href":"https:\/\/api.w.org\/{rel}","templated":true}]}}