{"id":42712,"date":"2024-10-25T00:18:37","date_gmt":"2024-10-25T05:18:37","guid":{"rendered":"https:\/\/noticiasveracruz.com\/?p=42712"},"modified":"2024-10-25T00:18:37","modified_gmt":"2024-10-25T05:18:37","slug":"rocha-moya-y-segob-buscan-normalizar-las-actividades-de-sinaloa-tras-ola-de-violencia","status":"publish","type":"post","link":"https:\/\/noticiasveracruz.com\/index.php\/2024\/10\/25\/rocha-moya-y-segob-buscan-normalizar-las-actividades-de-sinaloa-tras-ola-de-violencia\/","title":{"rendered":"Rocha Moya y Segob buscan normalizar las actividades de Sinaloa tras ola de violencia"},"content":{"rendered":"<p><span style=\"font-size: 14pt;\">Rub\u00e9n\u00a0Rocha Moya, gobernador de Sinaloa,\u00a0se reuni\u00f3 este jueves con\u00a0Rosa Icela Rodr\u00edguez, secretaria de Gobernaci\u00f3n, en la Ciudad de M\u00e9xico, para analizar el panorama actual que vive la entidad en\u00a0materia de inseguridad.<\/span><\/p>\n<p><span style=\"font-size: 14pt;\">A trav\u00e9s de un comunicado de prensa, el mandatario estatal destac\u00f3 que la titular de la\u00a0Segob\u00a0manifest\u00f3 su inter\u00e9s de que el estado\u00a0retome sus actividades ordinarias. Rocha Moya mencion\u00f3 que discutieron la necesidad de\u00a0normalizar las actividades regulares\u00a0en el estado, incluyendo\u00a0escuelas y negocios, y subray\u00f3 la importancia de que el crecimiento econ\u00f3mico no se detenga.<\/span><\/p>\n","protected":false},"excerpt":{"rendered":"<p>Rub\u00e9n\u00a0Rocha Moya, gobernador de Sinaloa,\u00a0se reuni\u00f3 este jueves con\u00a0Rosa Icela Rodr\u00edguez, secretaria de Gobernaci\u00f3n, en la Ciudad de M\u00e9xico, para<\/p>\n","protected":false},"author":4,"featured_media":42713,"comment_status":"closed","ping_status":"closed","sticky":false,"template":"","format":"standard","meta":{"colormag_page_container_layout":"default_layout","colormag_page_sidebar_layout":"default_layout","_jetpack_memberships_contains_paid_content":false,"footnotes":"","jetpack_publicize_message":"","jetpack_publicize_feature_enabled":true,"jetpack_social_post_already_shared":true,"jetpack_social_options":{"image_generator_settings":{"template":"highway","default_image_id":0,"font":"","enabled":false},"version":2}},"categories":[4],"tags":[],"class_list":["post-42712","post","type-post","status-publish","format-standard","has-post-thumbnail","hentry","category-nacional"],"jetpack_publicize_connections":[],"jetpack_featured_media_url":"https:\/\/noticiasveracruz.com\/wp-content\/uploads\/2024\/10\/rocha-rosaicela.jpg","jetpack_sharing_enabled":true,"publishpress_future_action":{"enabled":false,"date":"2026-05-10 10:05:30","action":"change-status","newStatus":"draft","terms":[],"taxonomy":"category","extraData":[]},"publishpress_future_workflow_manual_trigger":{"enabledWorkflows":[]},"_links":{"self":[{"href":"https:\/\/noticiasveracruz.com\/index.php\/wp-json\/wp\/v2\/posts\/42712","targetHints":{"allow":["GET"]}}],"collection":[{"href":"https:\/\/noticiasveracruz.com\/index.php\/wp-json\/wp\/v2\/posts"}],"about":[{"href":"https:\/\/noticiasveracruz.com\/index.php\/wp-json\/wp\/v2\/types\/post"}],"author":[{"embeddable":true,"href":"https:\/\/noticiasveracruz.com\/index.php\/wp-json\/wp\/v2\/users\/4"}],"replies":[{"embeddable":true,"href":"https:\/\/noticiasveracruz.com\/index.php\/wp-json\/wp\/v2\/comments?post=42712"}],"version-history":[{"count":0,"href":"https:\/\/noticiasveracruz.com\/index.php\/wp-json\/wp\/v2\/posts\/42712\/revisions"}],"wp:featuredmedia":[{"embeddable":true,"href":"https:\/\/noticiasveracruz.com\/index.php\/wp-json\/wp\/v2\/media\/42713"}],"wp:attachment":[{"href":"https:\/\/noticiasveracruz.com\/index.php\/wp-json\/wp\/v2\/media?parent=42712"}],"wp:term":[{"taxonomy":"category","embeddable":true,"href":"https:\/\/noticiasveracruz.com\/index.php\/wp-json\/wp\/v2\/categories?post=42712"},{"taxonomy":"post_tag","embeddable":true,"href":"https:\/\/noticiasveracruz.com\/index.php\/wp-json\/wp\/v2\/tags?post=42712"}],"curies":[{"name":"wp","href":"https:\/\/api.w.org\/{rel}","templated":true}]}}