{"id":42699,"date":"2024-10-25T00:07:26","date_gmt":"2024-10-25T05:07:26","guid":{"rendered":"https:\/\/noticiasveracruz.com\/?p=42699"},"modified":"2024-10-25T00:07:26","modified_gmt":"2024-10-25T05:07:26","slug":"banco-mundial-lanza-estrategia-para-impulsar-igualdad-entre-hombres-y-mujeres","status":"publish","type":"post","link":"https:\/\/noticiasveracruz.com\/index.php\/2024\/10\/25\/banco-mundial-lanza-estrategia-para-impulsar-igualdad-entre-hombres-y-mujeres\/","title":{"rendered":"Banco Mundial lanza estrategia para impulsar igualdad entre hombres y mujeres"},"content":{"rendered":"<p><span style=\"font-size: 14pt;\">El\u00a0Banco Mundial\u00a0(BM) anunci\u00f3 el jueves el lanzamiento de una estrategia para\u00a0promover la igualdad entre hombres y mujeres\u00a0en el mundo, en particular\u00a0en el sector empresarial, con el objetivo de integrar m\u00e1s mujeres a la econom\u00eda para el a\u00f1o 2030.<\/span><\/p>\n<p><span style=\"font-size: 14pt;\">Antes de que termine la d\u00e9cada, la instituci\u00f3n buscar\u00e1 que 300 millones m\u00e1s de mujeres accedan a telefon\u00eda celular e internet; que 250 millones m\u00e1s accedan a protecci\u00f3n social y que el n\u00famero de\u00a0empresas creadas por mujeres\u00a0aumente en 80 millones.<\/span><\/p>\n","protected":false},"excerpt":{"rendered":"<p>El\u00a0Banco Mundial\u00a0(BM) anunci\u00f3 el jueves el lanzamiento de una estrategia para\u00a0promover la igualdad entre hombres y mujeres\u00a0en el mundo, en<\/p>\n","protected":false},"author":4,"featured_media":42700,"comment_status":"closed","ping_status":"closed","sticky":false,"template":"","format":"standard","meta":{"colormag_page_container_layout":"default_layout","colormag_page_sidebar_layout":"default_layout","_jetpack_memberships_contains_paid_content":false,"footnotes":"","jetpack_publicize_message":"","jetpack_publicize_feature_enabled":true,"jetpack_social_post_already_shared":true,"jetpack_social_options":{"image_generator_settings":{"template":"highway","default_image_id":0,"font":"","enabled":false},"version":2}},"categories":[1947],"tags":[],"class_list":["post-42699","post","type-post","status-publish","format-standard","has-post-thumbnail","hentry","category-economia"],"jetpack_publicize_connections":[],"jetpack_featured_media_url":"https:\/\/noticiasveracruz.com\/wp-content\/uploads\/2024\/10\/671a76e59530e.r_d.1751-416-6400.jpeg","jetpack_sharing_enabled":true,"publishpress_future_action":{"enabled":false,"date":"2026-05-10 05:11:58","action":"change-status","newStatus":"draft","terms":[],"taxonomy":"category","extraData":[]},"publishpress_future_workflow_manual_trigger":{"enabledWorkflows":[]},"_links":{"self":[{"href":"https:\/\/noticiasveracruz.com\/index.php\/wp-json\/wp\/v2\/posts\/42699","targetHints":{"allow":["GET"]}}],"collection":[{"href":"https:\/\/noticiasveracruz.com\/index.php\/wp-json\/wp\/v2\/posts"}],"about":[{"href":"https:\/\/noticiasveracruz.com\/index.php\/wp-json\/wp\/v2\/types\/post"}],"author":[{"embeddable":true,"href":"https:\/\/noticiasveracruz.com\/index.php\/wp-json\/wp\/v2\/users\/4"}],"replies":[{"embeddable":true,"href":"https:\/\/noticiasveracruz.com\/index.php\/wp-json\/wp\/v2\/comments?post=42699"}],"version-history":[{"count":0,"href":"https:\/\/noticiasveracruz.com\/index.php\/wp-json\/wp\/v2\/posts\/42699\/revisions"}],"wp:featuredmedia":[{"embeddable":true,"href":"https:\/\/noticiasveracruz.com\/index.php\/wp-json\/wp\/v2\/media\/42700"}],"wp:attachment":[{"href":"https:\/\/noticiasveracruz.com\/index.php\/wp-json\/wp\/v2\/media?parent=42699"}],"wp:term":[{"taxonomy":"category","embeddable":true,"href":"https:\/\/noticiasveracruz.com\/index.php\/wp-json\/wp\/v2\/categories?post=42699"},{"taxonomy":"post_tag","embeddable":true,"href":"https:\/\/noticiasveracruz.com\/index.php\/wp-json\/wp\/v2\/tags?post=42699"}],"curies":[{"name":"wp","href":"https:\/\/api.w.org\/{rel}","templated":true}]}}