{"id":42693,"date":"2024-10-25T00:04:08","date_gmt":"2024-10-25T05:04:08","guid":{"rendered":"https:\/\/noticiasveracruz.com\/?p=42693"},"modified":"2024-10-25T00:04:08","modified_gmt":"2024-10-25T05:04:08","slug":"halcones-del-bce-enfrian-las-apuestas-sobre-mas-y-mayores-recortes","status":"publish","type":"post","link":"https:\/\/noticiasveracruz.com\/index.php\/2024\/10\/25\/halcones-del-bce-enfrian-las-apuestas-sobre-mas-y-mayores-recortes\/","title":{"rendered":"Halcones del BCE enfr\u00edan las apuestas sobre m\u00e1s y mayores recortes"},"content":{"rendered":"<p><span style=\"font-size: 14pt;\">Tres funcionarios del Banco Central Europeo (BCE) intentaron ayer 24 de octubre, enfriar las especulaciones del mercado sobre mayores recortes de las tasas de inter\u00e9s, instando al BCE a proceder gradualmente o al menos a mantener abiertas sus opciones.\u00a0<\/span><\/p>\n<p><span style=\"font-size: 14pt;\">El BCE ya ha recortado los r\u00e9ditos tres veces este a\u00f1o y los inversionistas especulan con recortes mayores y m\u00e1s r\u00e1pidos en el futuro, alentados por los d\u00e9biles datos econ\u00f3micos y los comentarios de algunos responsables pol\u00edticos en los \u00faltimos d\u00edas. Sin embargo, los gobernadores de los bancos centrales de Eslovenia, Alemania y Letonia adoptaron un tono m\u00e1s cauteloso.<\/span><\/p>\n","protected":false},"excerpt":{"rendered":"<p>Tres funcionarios del Banco Central Europeo (BCE) intentaron ayer 24 de octubre, enfriar las especulaciones del mercado sobre mayores recortes<\/p>\n","protected":false},"author":4,"featured_media":42694,"comment_status":"closed","ping_status":"closed","sticky":false,"template":"","format":"standard","meta":{"colormag_page_container_layout":"default_layout","colormag_page_sidebar_layout":"default_layout","_jetpack_memberships_contains_paid_content":false,"footnotes":"","jetpack_publicize_message":"","jetpack_publicize_feature_enabled":true,"jetpack_social_post_already_shared":true,"jetpack_social_options":{"image_generator_settings":{"template":"highway","default_image_id":0,"font":"","enabled":false},"version":2}},"categories":[1947],"tags":[],"class_list":["post-42693","post","type-post","status-publish","format-standard","has-post-thumbnail","hentry","category-economia"],"jetpack_publicize_connections":[],"jetpack_featured_media_url":"https:\/\/noticiasveracruz.com\/wp-content\/uploads\/2024\/10\/66ec1ea3bf9a0.jpeg","jetpack_sharing_enabled":true,"publishpress_future_action":{"enabled":false,"date":"2026-05-10 02:30:31","action":"change-status","newStatus":"draft","terms":[],"taxonomy":"category","extraData":[]},"publishpress_future_workflow_manual_trigger":{"enabledWorkflows":[]},"_links":{"self":[{"href":"https:\/\/noticiasveracruz.com\/index.php\/wp-json\/wp\/v2\/posts\/42693","targetHints":{"allow":["GET"]}}],"collection":[{"href":"https:\/\/noticiasveracruz.com\/index.php\/wp-json\/wp\/v2\/posts"}],"about":[{"href":"https:\/\/noticiasveracruz.com\/index.php\/wp-json\/wp\/v2\/types\/post"}],"author":[{"embeddable":true,"href":"https:\/\/noticiasveracruz.com\/index.php\/wp-json\/wp\/v2\/users\/4"}],"replies":[{"embeddable":true,"href":"https:\/\/noticiasveracruz.com\/index.php\/wp-json\/wp\/v2\/comments?post=42693"}],"version-history":[{"count":0,"href":"https:\/\/noticiasveracruz.com\/index.php\/wp-json\/wp\/v2\/posts\/42693\/revisions"}],"wp:featuredmedia":[{"embeddable":true,"href":"https:\/\/noticiasveracruz.com\/index.php\/wp-json\/wp\/v2\/media\/42694"}],"wp:attachment":[{"href":"https:\/\/noticiasveracruz.com\/index.php\/wp-json\/wp\/v2\/media?parent=42693"}],"wp:term":[{"taxonomy":"category","embeddable":true,"href":"https:\/\/noticiasveracruz.com\/index.php\/wp-json\/wp\/v2\/categories?post=42693"},{"taxonomy":"post_tag","embeddable":true,"href":"https:\/\/noticiasveracruz.com\/index.php\/wp-json\/wp\/v2\/tags?post=42693"}],"curies":[{"name":"wp","href":"https:\/\/api.w.org\/{rel}","templated":true}]}}