{"id":42690,"date":"2024-10-25T00:09:45","date_gmt":"2024-10-25T05:09:45","guid":{"rendered":"https:\/\/noticiasveracruz.com\/?p=42690"},"modified":"2024-10-24T23:59:51","modified_gmt":"2024-10-25T04:59:51","slug":"coe-pide-crear-un-consejo-municipal-para-generar-proyectos-y-estrategias-en-economia","status":"publish","type":"post","link":"https:\/\/noticiasveracruz.com\/index.php\/2024\/10\/25\/coe-pide-crear-un-consejo-municipal-para-generar-proyectos-y-estrategias-en-economia\/","title":{"rendered":"COE pide crear un consejo municipal para generar proyectos y estrategias en econom\u00eda"},"content":{"rendered":"<p><span style=\"font-size: 14pt;\">El Consejo de Organismos Empresariales (COE) pidi\u00f3 al ayuntamiento de Puebla que integre un consejo para la\u00a0generaci\u00f3n de proyectos y estrategias\u00a0que ayuden al desarrollo econ\u00f3mico con el fortalecimiento de los sectores productivos a trav\u00e9s de incentivos fiscales.<\/span><\/p>\n<p><span style=\"font-size: 14pt;\">C\u00e9sar Bonilla Yunes, presidente de la agrupaci\u00f3n con 2,500 socios, indic\u00f3 que esta vinculaci\u00f3n de la\u00a0Iniciativa Privada\u00a0con la autoridad municipal es necesaria, la cual no hubo con el ayuntamiento pasado.<\/span><\/p>\n","protected":false},"excerpt":{"rendered":"<p>El Consejo de Organismos Empresariales (COE) pidi\u00f3 al ayuntamiento de Puebla que integre un consejo para la\u00a0generaci\u00f3n de proyectos y<\/p>\n","protected":false},"author":4,"featured_media":42691,"comment_status":"closed","ping_status":"closed","sticky":false,"template":"","format":"standard","meta":{"colormag_page_container_layout":"default_layout","colormag_page_sidebar_layout":"default_layout","_jetpack_memberships_contains_paid_content":false,"footnotes":"","jetpack_publicize_message":"","jetpack_publicize_feature_enabled":true,"jetpack_social_post_already_shared":true,"jetpack_social_options":{"image_generator_settings":{"template":"highway","default_image_id":0,"font":"","enabled":false},"version":2}},"categories":[145],"tags":[],"class_list":["post-42690","post","type-post","status-publish","format-standard","has-post-thumbnail","hentry","category-estados"],"jetpack_publicize_connections":[],"jetpack_featured_media_url":"https:\/\/noticiasveracruz.com\/wp-content\/uploads\/2024\/10\/66e48f60e6eae.jpeg","jetpack_sharing_enabled":true,"publishpress_future_action":{"enabled":false,"date":"2026-05-10 08:10:17","action":"change-status","newStatus":"draft","terms":[],"taxonomy":"category","extraData":[]},"publishpress_future_workflow_manual_trigger":{"enabledWorkflows":[]},"_links":{"self":[{"href":"https:\/\/noticiasveracruz.com\/index.php\/wp-json\/wp\/v2\/posts\/42690","targetHints":{"allow":["GET"]}}],"collection":[{"href":"https:\/\/noticiasveracruz.com\/index.php\/wp-json\/wp\/v2\/posts"}],"about":[{"href":"https:\/\/noticiasveracruz.com\/index.php\/wp-json\/wp\/v2\/types\/post"}],"author":[{"embeddable":true,"href":"https:\/\/noticiasveracruz.com\/index.php\/wp-json\/wp\/v2\/users\/4"}],"replies":[{"embeddable":true,"href":"https:\/\/noticiasveracruz.com\/index.php\/wp-json\/wp\/v2\/comments?post=42690"}],"version-history":[{"count":0,"href":"https:\/\/noticiasveracruz.com\/index.php\/wp-json\/wp\/v2\/posts\/42690\/revisions"}],"wp:featuredmedia":[{"embeddable":true,"href":"https:\/\/noticiasveracruz.com\/index.php\/wp-json\/wp\/v2\/media\/42691"}],"wp:attachment":[{"href":"https:\/\/noticiasveracruz.com\/index.php\/wp-json\/wp\/v2\/media?parent=42690"}],"wp:term":[{"taxonomy":"category","embeddable":true,"href":"https:\/\/noticiasveracruz.com\/index.php\/wp-json\/wp\/v2\/categories?post=42690"},{"taxonomy":"post_tag","embeddable":true,"href":"https:\/\/noticiasveracruz.com\/index.php\/wp-json\/wp\/v2\/tags?post=42690"}],"curies":[{"name":"wp","href":"https:\/\/api.w.org\/{rel}","templated":true}]}}