{"id":42684,"date":"2024-10-25T00:03:37","date_gmt":"2024-10-25T05:03:37","guid":{"rendered":"https:\/\/noticiasveracruz.com\/?p=42684"},"modified":"2024-10-24T23:55:49","modified_gmt":"2024-10-25T04:55:49","slug":"apoyemos-a-productores-locales-en-el-mercadito-solidario-el-proximo-domingo-en-la-plaza-civica","status":"publish","type":"post","link":"https:\/\/noticiasveracruz.com\/index.php\/2024\/10\/25\/apoyemos-a-productores-locales-en-el-mercadito-solidario-el-proximo-domingo-en-la-plaza-civica\/","title":{"rendered":"Apoyemos a productores locales en el \u201cMercadito Solidario\u201d, el pr\u00f3ximo domingo, en la Plaza C\u00edvica."},"content":{"rendered":"<div style=\"width: 588px;\" class=\"wp-video\"><video class=\"wp-video-shortcode\" id=\"video-42684-1\" width=\"588\" height=\"848\" preload=\"metadata\" controls=\"controls\"><source type=\"video\/mp4\" src=\"http:\/\/noticiasveracruz.com\/wp-content\/uploads\/2024\/10\/WhatsApp-Video-2024-10-24-at-19.32.45.mp4?_=1\" \/><a href=\"http:\/\/noticiasveracruz.com\/wp-content\/uploads\/2024\/10\/WhatsApp-Video-2024-10-24-at-19.32.45.mp4\">http:\/\/noticiasveracruz.com\/wp-content\/uploads\/2024\/10\/WhatsApp-Video-2024-10-24-at-19.32.45.mp4<\/a><\/video><\/div>\n<p>&nbsp;<\/p>\n<p><span style=\"font-size: 14pt;\">El gobierno de Tuxpan, y las escuelas campesinas del programa de extensionismo de la SEDARPA, te invitan al Mercadito Solidario que se realizar\u00e1 este domingo 27 de octubre, de 8:00 a 14:00 horas, en la plaza c\u00edvica municipal.<\/span><\/p>\n<p><span style=\"font-size: 14pt;\">Asiste y disfruta de la exposici\u00f3n de productos org\u00e1nicos de temporada, as\u00ed como lo necesario para las fiestas de Todos Santos, que ofertar\u00e1n productoras y productores de Tuxpan, Tamiahua, Tihuatl\u00e1n y varios municipios m\u00e1s. <\/span><\/p>\n<p><span style=\"font-size: 14pt;\">No te pierdas esta oportunidad de conocer todo lo que se produce en la regi\u00f3n y apoyar al consumo local.<\/span><\/p>\n<p>&nbsp;<\/p>\n","protected":false},"excerpt":{"rendered":"<p>&nbsp; El gobierno de Tuxpan, y las escuelas campesinas del programa de extensionismo de la SEDARPA, te invitan al Mercadito<\/p>\n","protected":false},"author":4,"featured_media":42682,"comment_status":"closed","ping_status":"closed","sticky":false,"template":"","format":"standard","meta":{"colormag_page_container_layout":"default_layout","colormag_page_sidebar_layout":"default_layout","_jetpack_memberships_contains_paid_content":false,"footnotes":"","jetpack_publicize_message":"","jetpack_publicize_feature_enabled":true,"jetpack_social_post_already_shared":true,"jetpack_social_options":{"image_generator_settings":{"template":"highway","default_image_id":0,"font":"","enabled":false},"version":2}},"categories":[3372,356],"tags":[],"class_list":["post-42684","post","type-post","status-publish","format-standard","has-post-thumbnail","hentry","category-gobierno-tuxpan","category-veracruz"],"jetpack_publicize_connections":[],"jetpack_featured_media_url":"https:\/\/noticiasveracruz.com\/wp-content\/uploads\/2024\/10\/451100_4x.jpg","jetpack_sharing_enabled":true,"publishpress_future_action":{"enabled":false,"date":"2026-05-08 13:36:19","action":"change-status","newStatus":"draft","terms":[],"taxonomy":"category","extraData":[]},"publishpress_future_workflow_manual_trigger":{"enabledWorkflows":[]},"_links":{"self":[{"href":"https:\/\/noticiasveracruz.com\/index.php\/wp-json\/wp\/v2\/posts\/42684","targetHints":{"allow":["GET"]}}],"collection":[{"href":"https:\/\/noticiasveracruz.com\/index.php\/wp-json\/wp\/v2\/posts"}],"about":[{"href":"https:\/\/noticiasveracruz.com\/index.php\/wp-json\/wp\/v2\/types\/post"}],"author":[{"embeddable":true,"href":"https:\/\/noticiasveracruz.com\/index.php\/wp-json\/wp\/v2\/users\/4"}],"replies":[{"embeddable":true,"href":"https:\/\/noticiasveracruz.com\/index.php\/wp-json\/wp\/v2\/comments?post=42684"}],"version-history":[{"count":0,"href":"https:\/\/noticiasveracruz.com\/index.php\/wp-json\/wp\/v2\/posts\/42684\/revisions"}],"wp:featuredmedia":[{"embeddable":true,"href":"https:\/\/noticiasveracruz.com\/index.php\/wp-json\/wp\/v2\/media\/42682"}],"wp:attachment":[{"href":"https:\/\/noticiasveracruz.com\/index.php\/wp-json\/wp\/v2\/media?parent=42684"}],"wp:term":[{"taxonomy":"category","embeddable":true,"href":"https:\/\/noticiasveracruz.com\/index.php\/wp-json\/wp\/v2\/categories?post=42684"},{"taxonomy":"post_tag","embeddable":true,"href":"https:\/\/noticiasveracruz.com\/index.php\/wp-json\/wp\/v2\/tags?post=42684"}],"curies":[{"name":"wp","href":"https:\/\/api.w.org\/{rel}","templated":true}]}}