{"id":42671,"date":"2024-10-25T00:00:40","date_gmt":"2024-10-25T05:00:40","guid":{"rendered":"https:\/\/noticiasveracruz.com\/?p=42671"},"modified":"2024-10-24T23:38:24","modified_gmt":"2024-10-25T04:38:24","slug":"posponen-festival-de-las-aves-migratorias","status":"publish","type":"post","link":"https:\/\/noticiasveracruz.com\/index.php\/2024\/10\/25\/posponen-festival-de-las-aves-migratorias\/","title":{"rendered":"Posponen festival de las aves migratorias"},"content":{"rendered":"<p><span style=\"font-size: 14pt;\">A consecuencia de las condiciones clim\u00e1ticas el cuarto festival de las Aves fue pospuesto para el pr\u00f3ximo lunes 28 de octubre, a partir de las 8:00 de la ma\u00f1ana, s\u00ed lo fue inform\u00f3 Gustavo Ahoyama; promotor cultural.<\/span><\/p>\n<p><span style=\"font-size: 14pt;\">El entrevistado se\u00f1al\u00f3 que aparte de este festival de las Aves, tambi\u00e9n se llevar\u00e1n a cabo las actividades de d\u00eda de muertos que ya ten\u00edan programadas para este d\u00eda, por lo que de manera simult\u00e1nea se estar\u00e1n realizando los dos eventos y hacen un llamado a toda la poblaci\u00f3n para que participe y disfrute de estas actividades, que tienen como objetivo promover la cultura y tambi\u00e9n el cuidado del Medio Ambiente.<\/span><\/p>\n<p><span style=\"font-size: 14pt;\">En lo que respecta al Festival de las Aves Migratorias, explic\u00f3 que, en esta edici\u00f3n, le dar\u00e1n mayor \u00e9nfasis a los insectos, como parte de la importancia que tienen dentro del ecosistema, la biodiversidad y lo favorable que son para el desarrollo de las aves.<\/span><\/p>\n<p><span style=\"font-size: 14pt;\">Mientras que, en el Festival de D\u00eda de Muertos, contar\u00e1n tambi\u00e9n con exposiciones, talleres y concursos, danzas, din\u00e1micas, entre otras actividades, que dar\u00edan inicio desde las 9:00 de la ma\u00f1ana hasta las 6:30 de la tarde, y planean realizar un evento sorpresa nocturno.<\/span><\/p>\n<p><span style=\"font-size: 14pt;\">Mencion\u00f3 que esperan que las condiciones clim\u00e1ticas mejoren para que se puedan desarrollar estos eventos, de lo contrario estar\u00edan informando oportunamente a trav\u00e9s de redes sociales y los medios de comunicaci\u00f3n, si se diera continuidad a esta actividad, puesto que, por el tema de las Aves, es muy peligroso tenerlos bajo la lluvia, as\u00ed como tambi\u00e9n exponer a alumnos que ya han confirmado su asistencia.<\/span><\/p>\n<p><span style=\"font-size: 14pt;\">Finalmente coment\u00f3 que todas estas actividades son totalmente gratuitas y se desarrollan en la quinta la Esperanza, asimismo la entrada es gratis.<\/span><\/p>\n","protected":false},"excerpt":{"rendered":"<p>A consecuencia de las condiciones clim\u00e1ticas el cuarto festival de las Aves fue pospuesto para el pr\u00f3ximo lunes 28 de<\/p>\n","protected":false},"author":4,"featured_media":42672,"comment_status":"closed","ping_status":"closed","sticky":false,"template":"","format":"standard","meta":{"colormag_page_container_layout":"default_layout","colormag_page_sidebar_layout":"default_layout","_jetpack_memberships_contains_paid_content":false,"footnotes":"","jetpack_publicize_message":"","jetpack_publicize_feature_enabled":true,"jetpack_social_post_already_shared":true,"jetpack_social_options":{"image_generator_settings":{"template":"highway","default_image_id":0,"font":"","enabled":false},"version":2}},"categories":[356],"tags":[],"class_list":["post-42671","post","type-post","status-publish","format-standard","has-post-thumbnail","hentry","category-veracruz"],"jetpack_publicize_connections":[],"jetpack_featured_media_url":"https:\/\/noticiasveracruz.com\/wp-content\/uploads\/2024\/10\/5c-1.jpg","jetpack_sharing_enabled":true,"publishpress_future_action":{"enabled":false,"date":"2026-05-10 02:29:38","action":"change-status","newStatus":"draft","terms":[],"taxonomy":"category","extraData":[]},"publishpress_future_workflow_manual_trigger":{"enabledWorkflows":[]},"_links":{"self":[{"href":"https:\/\/noticiasveracruz.com\/index.php\/wp-json\/wp\/v2\/posts\/42671","targetHints":{"allow":["GET"]}}],"collection":[{"href":"https:\/\/noticiasveracruz.com\/index.php\/wp-json\/wp\/v2\/posts"}],"about":[{"href":"https:\/\/noticiasveracruz.com\/index.php\/wp-json\/wp\/v2\/types\/post"}],"author":[{"embeddable":true,"href":"https:\/\/noticiasveracruz.com\/index.php\/wp-json\/wp\/v2\/users\/4"}],"replies":[{"embeddable":true,"href":"https:\/\/noticiasveracruz.com\/index.php\/wp-json\/wp\/v2\/comments?post=42671"}],"version-history":[{"count":0,"href":"https:\/\/noticiasveracruz.com\/index.php\/wp-json\/wp\/v2\/posts\/42671\/revisions"}],"wp:featuredmedia":[{"embeddable":true,"href":"https:\/\/noticiasveracruz.com\/index.php\/wp-json\/wp\/v2\/media\/42672"}],"wp:attachment":[{"href":"https:\/\/noticiasveracruz.com\/index.php\/wp-json\/wp\/v2\/media?parent=42671"}],"wp:term":[{"taxonomy":"category","embeddable":true,"href":"https:\/\/noticiasveracruz.com\/index.php\/wp-json\/wp\/v2\/categories?post=42671"},{"taxonomy":"post_tag","embeddable":true,"href":"https:\/\/noticiasveracruz.com\/index.php\/wp-json\/wp\/v2\/tags?post=42671"}],"curies":[{"name":"wp","href":"https:\/\/api.w.org\/{rel}","templated":true}]}}