{"id":42668,"date":"2024-10-24T19:29:14","date_gmt":"2024-10-25T00:29:14","guid":{"rendered":"https:\/\/noticiasveracruz.com\/?p=42668"},"modified":"2024-10-24T19:29:14","modified_gmt":"2024-10-25T00:29:14","slug":"la-congregacion-juana-moza-invita-al-3er-festival-dia-de-muertos-que-se-realizara-el-proximo-sabado-26-de-octubre","status":"publish","type":"post","link":"https:\/\/noticiasveracruz.com\/index.php\/2024\/10\/24\/la-congregacion-juana-moza-invita-al-3er-festival-dia-de-muertos-que-se-realizara-el-proximo-sabado-26-de-octubre\/","title":{"rendered":"La congregaci\u00f3n Juana Moza invita al 3er Festival D\u00eda de Muertos, que se realizar\u00e1 el pr\u00f3ximo s\u00e1bado 26 de octubre."},"content":{"rendered":"<p>Habr\u00e1 muchas actividades para toda la familia<\/p>\n<p><img loading=\"lazy\" decoding=\"async\" class=\"alignnone  wp-image-42669\" src=\"http:\/\/noticiasveracruz.com\/wp-content\/uploads\/2024\/10\/463841459_901064308749898_1866298243306529661_n-233x300.jpg\" alt=\"\" width=\"537\" height=\"691\" srcset=\"https:\/\/noticiasveracruz.com\/wp-content\/uploads\/2024\/10\/463841459_901064308749898_1866298243306529661_n-233x300.jpg 233w, https:\/\/noticiasveracruz.com\/wp-content\/uploads\/2024\/10\/463841459_901064308749898_1866298243306529661_n-768x990.jpg 768w, https:\/\/noticiasveracruz.com\/wp-content\/uploads\/2024\/10\/463841459_901064308749898_1866298243306529661_n.jpg 1080w\" sizes=\"auto, (max-width: 537px) 100vw, 537px\" \/><\/p>\n","protected":false},"excerpt":{"rendered":"<p>Habr\u00e1 muchas actividades para toda la familia<\/p>\n","protected":false},"author":4,"featured_media":42669,"comment_status":"closed","ping_status":"closed","sticky":false,"template":"","format":"standard","meta":{"colormag_page_container_layout":"default_layout","colormag_page_sidebar_layout":"default_layout","_jetpack_memberships_contains_paid_content":false,"footnotes":"","jetpack_publicize_message":"","jetpack_publicize_feature_enabled":true,"jetpack_social_post_already_shared":true,"jetpack_social_options":{"image_generator_settings":{"template":"highway","default_image_id":0,"font":"","enabled":false},"version":2}},"categories":[3372,356],"tags":[],"class_list":["post-42668","post","type-post","status-publish","format-standard","has-post-thumbnail","hentry","category-gobierno-tuxpan","category-veracruz"],"jetpack_publicize_connections":[],"jetpack_featured_media_url":"https:\/\/noticiasveracruz.com\/wp-content\/uploads\/2024\/10\/463841459_901064308749898_1866298243306529661_n.jpg","jetpack_sharing_enabled":true,"publishpress_future_action":{"enabled":false,"date":"2026-05-08 13:36:18","action":"change-status","newStatus":"draft","terms":[],"taxonomy":"category","extraData":[]},"publishpress_future_workflow_manual_trigger":{"enabledWorkflows":[]},"_links":{"self":[{"href":"https:\/\/noticiasveracruz.com\/index.php\/wp-json\/wp\/v2\/posts\/42668","targetHints":{"allow":["GET"]}}],"collection":[{"href":"https:\/\/noticiasveracruz.com\/index.php\/wp-json\/wp\/v2\/posts"}],"about":[{"href":"https:\/\/noticiasveracruz.com\/index.php\/wp-json\/wp\/v2\/types\/post"}],"author":[{"embeddable":true,"href":"https:\/\/noticiasveracruz.com\/index.php\/wp-json\/wp\/v2\/users\/4"}],"replies":[{"embeddable":true,"href":"https:\/\/noticiasveracruz.com\/index.php\/wp-json\/wp\/v2\/comments?post=42668"}],"version-history":[{"count":0,"href":"https:\/\/noticiasveracruz.com\/index.php\/wp-json\/wp\/v2\/posts\/42668\/revisions"}],"wp:featuredmedia":[{"embeddable":true,"href":"https:\/\/noticiasveracruz.com\/index.php\/wp-json\/wp\/v2\/media\/42669"}],"wp:attachment":[{"href":"https:\/\/noticiasveracruz.com\/index.php\/wp-json\/wp\/v2\/media?parent=42668"}],"wp:term":[{"taxonomy":"category","embeddable":true,"href":"https:\/\/noticiasveracruz.com\/index.php\/wp-json\/wp\/v2\/categories?post=42668"},{"taxonomy":"post_tag","embeddable":true,"href":"https:\/\/noticiasveracruz.com\/index.php\/wp-json\/wp\/v2\/tags?post=42668"}],"curies":[{"name":"wp","href":"https:\/\/api.w.org\/{rel}","templated":true}]}}