{"id":42661,"date":"2024-10-24T19:23:18","date_gmt":"2024-10-25T00:23:18","guid":{"rendered":"https:\/\/noticiasveracruz.com\/?p=42661"},"modified":"2024-10-24T19:25:09","modified_gmt":"2024-10-25T00:25:09","slug":"con-desfile-conmemoran-79-aniversario-de-las-naciones-unidas","status":"publish","type":"post","link":"https:\/\/noticiasveracruz.com\/index.php\/2024\/10\/24\/con-desfile-conmemoran-79-aniversario-de-las-naciones-unidas\/","title":{"rendered":"Con desfile, conmemoran 79 aniversario de las Naciones Unidas"},"content":{"rendered":"<p><img loading=\"lazy\" decoding=\"async\" class=\"alignnone size-medium wp-image-42662\" src=\"http:\/\/noticiasveracruz.com\/wp-content\/uploads\/2024\/10\/11288_8-300x200.jpg\" alt=\"\" width=\"300\" height=\"200\" srcset=\"https:\/\/noticiasveracruz.com\/wp-content\/uploads\/2024\/10\/11288_8-300x200.jpg 300w, https:\/\/noticiasveracruz.com\/wp-content\/uploads\/2024\/10\/11288_8-768x511.jpg 768w, https:\/\/noticiasveracruz.com\/wp-content\/uploads\/2024\/10\/11288_8.jpg 800w\" sizes=\"auto, (max-width: 300px) 100vw, 300px\" \/> <img loading=\"lazy\" decoding=\"async\" class=\"alignnone size-medium wp-image-42663\" src=\"http:\/\/noticiasveracruz.com\/wp-content\/uploads\/2024\/10\/11289_8-300x200.jpg\" alt=\"\" width=\"300\" height=\"200\" srcset=\"https:\/\/noticiasveracruz.com\/wp-content\/uploads\/2024\/10\/11289_8-300x200.jpg 300w, https:\/\/noticiasveracruz.com\/wp-content\/uploads\/2024\/10\/11289_8-768x511.jpg 768w, https:\/\/noticiasveracruz.com\/wp-content\/uploads\/2024\/10\/11289_8.jpg 800w\" sizes=\"auto, (max-width: 300px) 100vw, 300px\" \/> <img loading=\"lazy\" decoding=\"async\" class=\"alignnone size-medium wp-image-42664\" src=\"http:\/\/noticiasveracruz.com\/wp-content\/uploads\/2024\/10\/11290_8-300x200.jpg\" alt=\"\" width=\"300\" height=\"200\" srcset=\"https:\/\/noticiasveracruz.com\/wp-content\/uploads\/2024\/10\/11290_8-300x200.jpg 300w, https:\/\/noticiasveracruz.com\/wp-content\/uploads\/2024\/10\/11290_8-768x511.jpg 768w, https:\/\/noticiasveracruz.com\/wp-content\/uploads\/2024\/10\/11290_8.jpg 800w\" sizes=\"auto, (max-width: 300px) 100vw, 300px\" \/> <img loading=\"lazy\" decoding=\"async\" class=\"alignnone size-medium wp-image-42665\" src=\"http:\/\/noticiasveracruz.com\/wp-content\/uploads\/2024\/10\/11297_8-300x200.jpg\" alt=\"\" width=\"300\" height=\"200\" srcset=\"https:\/\/noticiasveracruz.com\/wp-content\/uploads\/2024\/10\/11297_8-300x200.jpg 300w, https:\/\/noticiasveracruz.com\/wp-content\/uploads\/2024\/10\/11297_8-768x511.jpg 768w, https:\/\/noticiasveracruz.com\/wp-content\/uploads\/2024\/10\/11297_8.jpg 800w\" sizes=\"auto, (max-width: 300px) 100vw, 300px\" \/><\/p>\n<p><span style=\"font-size: 14pt;\">Portando la bandera de cada uno de los pa\u00edses que integran la Organizaci\u00f3n de las Naciones Unidas, y caracterizados con trajes alusivos a la naci\u00f3n que representaban, ni\u00f1as y ni\u00f1os de educaci\u00f3n preescolar y de los CAIC DIF desfilaron esta ma\u00f1ana en el marco del 79 aniversario de las Naciones Unidas.<\/span><\/p>\n<p><span style=\"font-size: 14pt;\">Las y los peque\u00f1os pertenecientes a m\u00e1s de 30 jardines de ni\u00f1os, acompa\u00f1ados de personal docente y directivo, recorrieron la avenida Benito Ju\u00e1rez desde la calle Revoluci\u00f3n hasta la calle Morelos.<\/span><\/p>\n<p><span style=\"font-size: 14pt;\">Familias enteras se reunieron en dicha vialidad para presenciar y aplaudir a los menores a lo largo de su recorrido.<\/span><\/p>\n<p><span style=\"font-size: 14pt;\">Al pasar frente a la presidencia municipal, los peque\u00f1os fueron saludados por el pres\u00eddium conformado por el director de Educaci\u00f3n, Prof. Jorge Arturo Garc\u00eda Robles, en representaci\u00f3n del alcalde Jos\u00e9 Manuel Pozos Castro; el Cap. de Corbeta Servicio de Administraci\u00f3n e Intendencia Naval, Lic. en Contadur\u00eda Juan Zumaya Franco, en representaci\u00f3n de la Fuerza Naval del Golfo; la Tte. Coronel de Enfermer\u00eda Evelin L\u00e1zaro de Dios, de la 19\u00aa Zona Militar; el Cap. de Corbeta David Hern\u00e1ndez Ju\u00e1rez, de la 5\u00aa Zona Naval.<\/span><\/p>\n<p><span style=\"font-size: 14pt;\">La S\u00edndica Mtra. Beatriz Pi\u00f1a Vergara; las regidoras y los regidores Luis Demetrio L\u00f3pez Mar\u00edn, comisionado en Educaci\u00f3n; Maryanela Monroy Flores, Juan G\u00f3mez Garc\u00eda, Lucero Res\u00e9ndis Ambrocio y Axel Bernal Herrera. Asimismo, el delegado regional de la SEV en Tuxpan, Prof. On\u00e9simo P\u00e9rez Ramos, supervisores, jefes de sector e inspectores de las diferentes zonas escolares en Tuxpan.<\/span><\/p>\n<p><span style=\"font-size: 14pt;\">Es importante mencionar que esta actividad fue coordinada por la Direcci\u00f3n de Educaci\u00f3n del Gobierno de Tuxpan, en colaboraci\u00f3n con las zonas escolares del municipio, con el objetivo de fomentar valores para tener una mejor sociedad, al promover la paz, la unidad y el respeto.<\/span><\/p>\n","protected":false},"excerpt":{"rendered":"<p>Portando la bandera de cada uno de los pa\u00edses que integran la Organizaci\u00f3n de las Naciones Unidas, y caracterizados con<\/p>\n","protected":false},"author":4,"featured_media":42666,"comment_status":"closed","ping_status":"closed","sticky":false,"template":"","format":"standard","meta":{"colormag_page_container_layout":"default_layout","colormag_page_sidebar_layout":"default_layout","_jetpack_memberships_contains_paid_content":false,"footnotes":"","jetpack_publicize_message":"","jetpack_publicize_feature_enabled":true,"jetpack_social_post_already_shared":true,"jetpack_social_options":{"image_generator_settings":{"template":"highway","default_image_id":0,"font":"","enabled":false},"version":2}},"categories":[3372,356],"tags":[],"class_list":["post-42661","post","type-post","status-publish","format-standard","has-post-thumbnail","hentry","category-gobierno-tuxpan","category-veracruz"],"jetpack_publicize_connections":[],"jetpack_featured_media_url":"https:\/\/noticiasveracruz.com\/wp-content\/uploads\/2024\/10\/11298_8.jpg","jetpack_sharing_enabled":true,"publishpress_future_action":{"enabled":false,"date":"2026-05-08 13:39:48","action":"change-status","newStatus":"draft","terms":[],"taxonomy":"category","extraData":[]},"publishpress_future_workflow_manual_trigger":{"enabledWorkflows":[]},"_links":{"self":[{"href":"https:\/\/noticiasveracruz.com\/index.php\/wp-json\/wp\/v2\/posts\/42661","targetHints":{"allow":["GET"]}}],"collection":[{"href":"https:\/\/noticiasveracruz.com\/index.php\/wp-json\/wp\/v2\/posts"}],"about":[{"href":"https:\/\/noticiasveracruz.com\/index.php\/wp-json\/wp\/v2\/types\/post"}],"author":[{"embeddable":true,"href":"https:\/\/noticiasveracruz.com\/index.php\/wp-json\/wp\/v2\/users\/4"}],"replies":[{"embeddable":true,"href":"https:\/\/noticiasveracruz.com\/index.php\/wp-json\/wp\/v2\/comments?post=42661"}],"version-history":[{"count":0,"href":"https:\/\/noticiasveracruz.com\/index.php\/wp-json\/wp\/v2\/posts\/42661\/revisions"}],"wp:featuredmedia":[{"embeddable":true,"href":"https:\/\/noticiasveracruz.com\/index.php\/wp-json\/wp\/v2\/media\/42666"}],"wp:attachment":[{"href":"https:\/\/noticiasveracruz.com\/index.php\/wp-json\/wp\/v2\/media?parent=42661"}],"wp:term":[{"taxonomy":"category","embeddable":true,"href":"https:\/\/noticiasveracruz.com\/index.php\/wp-json\/wp\/v2\/categories?post=42661"},{"taxonomy":"post_tag","embeddable":true,"href":"https:\/\/noticiasveracruz.com\/index.php\/wp-json\/wp\/v2\/tags?post=42661"}],"curies":[{"name":"wp","href":"https:\/\/api.w.org\/{rel}","templated":true}]}}