{"id":42611,"date":"2024-10-24T06:35:33","date_gmt":"2024-10-24T11:35:33","guid":{"rendered":"https:\/\/noticiasveracruz.com\/?p=42611"},"modified":"2024-10-23T23:54:45","modified_gmt":"2024-10-24T04:54:45","slug":"orden-el-sello-distintivo-del-futuro-gobierno-de-rocio-nahle","status":"publish","type":"post","link":"https:\/\/noticiasveracruz.com\/index.php\/2024\/10\/24\/orden-el-sello-distintivo-del-futuro-gobierno-de-rocio-nahle\/","title":{"rendered":"\u201cOrden\u201d el sello distintivo del futuro Gobierno de Roc\u00edo Nahle"},"content":{"rendered":"<p><strong><span style=\"font-size: 14pt;\">Por: Luis Ram\u00edrez Baqueiro<\/span><\/strong><\/p>\n<p><span style=\"font-size: 14pt;\"><em>\u201cCon orden y tiempo se encuentra el secreto de hacerlo todo, y de hacerlo bien.\u201d \u2013 Pit\u00e1goras.<\/em><\/span><\/p>\n<p><span style=\"font-size: 14pt;\">\u00a0<\/span><span style=\"font-size: 14pt;\">Nadie en la entidad que se jacte de ser conocedor de los entretelones de la pol\u00edtica estatal puede negar que la futura gobernadora Roc\u00edo Nahle Garc\u00eda le ha impreso ya un sello muy especial y muy caracter\u00edstico a su pr\u00f3xima administraci\u00f3n en donde el orden en el nuevo gobierno de Veracruz ser\u00e1 la pauta a marcar.<\/span><\/p>\n<p><span style=\"font-size: 14pt;\">Ella como pocos mandatarios electos previo a asumir el encargo constitucional que el pueblo le ha conferido han trabajado tan entregadamente.<\/span><\/p>\n<p><span style=\"font-size: 14pt;\">La gobernadora directamente atiende a los diputados federales, a los locales y a los senadores de su bancada, as\u00ed como inclusive a los aliados a los que ha cobijado y prohijado buenos tratos y acuerdos tras expresarles estos su total respaldo.<\/span><\/p>\n<p><span style=\"font-size: 14pt;\">Nadie podr\u00e1 negar que la mandataria electa ha mostrado su capacidad de comunicar por la v\u00eda de la entrevista ser\u00eda y formal, abri\u00e9ndose un canal con la ciudadan\u00eda mediante una participaci\u00f3n semanal en conocido noticiero estatal que le ha dado cobertura desde sus tiempos como legisladora federal y posterior encargo al frente de la Secretar\u00eda de Energ\u00eda, convirtiendo el ejercicio de informar en un valioso instrumento que evidencia su transparencia y compromiso con la rendici\u00f3n de cuentas.<\/span><\/p>\n<p><span style=\"font-size: 14pt;\">Ella misma, en ese esfuerzo por transparentar la conducci\u00f3n del Gobierno del Estado fue la encargada de dar a conocer directamente a cada uno de los integrantes de su pr\u00f3ximo gabinete, de los cuales se cuid\u00f3 la equidad, el perfil profesional, la militancia y\/o afinidad con el proyecto transformador.<\/span><\/p>\n<p><span style=\"font-size: 14pt;\">Es por ello la primera mandataria en hacer de esta selecci\u00f3n y presentaci\u00f3n el mejor de sus mensajes, orden, orden y m\u00e1s orden en la selecci\u00f3n del capital humano que ser\u00e1 el responsable de llevar a buen puerto todos y cada uno de los planes, proyectos y ejes de su gobierno.<\/span><\/p>\n<p><span style=\"font-size: 14pt;\">Nahle Garc\u00eda atiende personalmente el proyecto estatal de desarrollo, recorre la entidad y levanta peticiones y nuevos proyectos, est\u00e1 pendiente de su pueblo al que oye, escucha y atiende.<\/span><\/p>\n<p><span style=\"font-size: 14pt;\">Nunca ni en los m\u00e1s antiguos datos biogr\u00e1ficos de los anteriores gobernadores se hab\u00eda registrado una pol\u00edtica con tan alta capacidad y compromiso para con sus conciudadanos.<\/span><\/p>\n<p><span style=\"font-size: 14pt;\">Tan solo basta confirmar que su tenaz entrega y dedicaci\u00f3n ha podido hacer una realidad el ya contar con el Plan Estatal de Desarrollo, Plan de Gobierno para los primeros 100 d\u00edas y diariamente nos da a conocer parte de su agenda de trabajo, cuidando en todo momento el trato y espacio pol\u00edtico con el gobernador actual, Cuitl\u00e1huac Garc\u00eda Jim\u00e9nez a quien en todo momento ha sido respetado en su funci\u00f3n como mandatario constitucional.<\/span><\/p>\n<p><span style=\"font-size: 14pt;\">Ser\u00e1 a partir de este 1 de noviembre que inicia formalmente el proceso oficial de entrega-recepci\u00f3n, los actuales funcionarios, si o si tendr\u00e1n que entregar toda la documentaci\u00f3n cuadrada con datos , gastos y resultados, los tiempos para imponer el orden como principal estrategia de gobierno ser\u00e1n ya una realidad, aqu\u00ed no cabr\u00e1 la improvisaci\u00f3n y las ocurrencias pues gobernar es mucho m\u00e1s que atender los temas de una sociedad con base en filias y fobias, o como se dice coloquialmente a base de calenturas, aqu\u00ed habr\u00e1 orden, orden y m\u00e1s orden.<\/span><\/p>\n<p><span style=\"font-size: 14pt;\">Todos habr\u00e1n de regirse bajo altos est\u00e1ndares de desempe\u00f1o y por supuesto apegados a un dec\u00e1logo claro y preciso de c\u00f3mo se debe servir a la sociedad, y no profesar el servirse de \u00e9sta como forma de gobierno.<\/span><\/p>\n<p><span style=\"font-size: 14pt;\">Vienen buenos tiempos para Veracruz.<\/span><\/p>\n<p><span style=\"font-size: 14pt;\">\u00a0<\/span><\/p>\n<p><span style=\"font-size: 14pt;\">Al tiempo.<\/span><\/p>\n","protected":false},"excerpt":{"rendered":"<p>Por: Luis Ram\u00edrez Baqueiro \u201cCon orden y tiempo se encuentra el secreto de hacerlo todo, y de hacerlo bien.\u201d \u2013<\/p>\n","protected":false},"author":4,"featured_media":30989,"comment_status":"closed","ping_status":"closed","sticky":false,"template":"","format":"standard","meta":{"colormag_page_container_layout":"default_layout","colormag_page_sidebar_layout":"default_layout","_jetpack_memberships_contains_paid_content":false,"footnotes":"","jetpack_publicize_message":"","jetpack_publicize_feature_enabled":true,"jetpack_social_post_already_shared":true,"jetpack_social_options":{"image_generator_settings":{"template":"highway","default_image_id":0,"font":"","enabled":false},"version":2}},"categories":[6],"tags":[],"class_list":["post-42611","post","type-post","status-publish","format-standard","has-post-thumbnail","hentry","category-columnistas"],"jetpack_publicize_connections":[],"jetpack_featured_media_url":"https:\/\/noticiasveracruz.com\/wp-content\/uploads\/2024\/05\/LUIS-RAMIREZ-BAQUEIRO-800x445-1.png","jetpack_sharing_enabled":true,"publishpress_future_action":{"enabled":false,"date":"2026-05-10 02:30:54","action":"change-status","newStatus":"draft","terms":[],"taxonomy":"category","extraData":[]},"publishpress_future_workflow_manual_trigger":{"enabledWorkflows":[]},"_links":{"self":[{"href":"https:\/\/noticiasveracruz.com\/index.php\/wp-json\/wp\/v2\/posts\/42611","targetHints":{"allow":["GET"]}}],"collection":[{"href":"https:\/\/noticiasveracruz.com\/index.php\/wp-json\/wp\/v2\/posts"}],"about":[{"href":"https:\/\/noticiasveracruz.com\/index.php\/wp-json\/wp\/v2\/types\/post"}],"author":[{"embeddable":true,"href":"https:\/\/noticiasveracruz.com\/index.php\/wp-json\/wp\/v2\/users\/4"}],"replies":[{"embeddable":true,"href":"https:\/\/noticiasveracruz.com\/index.php\/wp-json\/wp\/v2\/comments?post=42611"}],"version-history":[{"count":0,"href":"https:\/\/noticiasveracruz.com\/index.php\/wp-json\/wp\/v2\/posts\/42611\/revisions"}],"wp:featuredmedia":[{"embeddable":true,"href":"https:\/\/noticiasveracruz.com\/index.php\/wp-json\/wp\/v2\/media\/30989"}],"wp:attachment":[{"href":"https:\/\/noticiasveracruz.com\/index.php\/wp-json\/wp\/v2\/media?parent=42611"}],"wp:term":[{"taxonomy":"category","embeddable":true,"href":"https:\/\/noticiasveracruz.com\/index.php\/wp-json\/wp\/v2\/categories?post=42611"},{"taxonomy":"post_tag","embeddable":true,"href":"https:\/\/noticiasveracruz.com\/index.php\/wp-json\/wp\/v2\/tags?post=42611"}],"curies":[{"name":"wp","href":"https:\/\/api.w.org\/{rel}","templated":true}]}}