{"id":42599,"date":"2024-10-24T00:00:32","date_gmt":"2024-10-24T05:00:32","guid":{"rendered":"https:\/\/noticiasveracruz.com\/?p=42599"},"modified":"2024-10-23T23:47:42","modified_gmt":"2024-10-24T04:47:42","slug":"cierre-de-la-av-benito-juarez-hoy-jueves-24-por-desfile-de-las-naciones-unidas","status":"publish","type":"post","link":"https:\/\/noticiasveracruz.com\/index.php\/2024\/10\/24\/cierre-de-la-av-benito-juarez-hoy-jueves-24-por-desfile-de-las-naciones-unidas\/","title":{"rendered":"Cierre de la Av. Benito Ju\u00e1rez hoy Jueves 24 por Desfile de las Naciones Unidas"},"content":{"rendered":"<p><span style=\"font-size: 14pt;\">El Ayuntamiento de Tuxpan informa a la poblaci\u00f3n que, debido a la realizaci\u00f3n del Desfile de las Naciones Unidas, este jueves 24 de octubre a partir de las 8:00 de la ma\u00f1ana la Direcci\u00f3n de Tr\u00e1nsito Municipal implementar\u00e1 el cierre de la Av. Benito Ju\u00e1rez, desde la calle Revoluci\u00f3n hasta la calle Morelos; reabriendo la circulaci\u00f3n una vez que termine el desfile.<\/span><\/p>\n","protected":false},"excerpt":{"rendered":"<p>El Ayuntamiento de Tuxpan informa a la poblaci\u00f3n que, debido a la realizaci\u00f3n del Desfile de las Naciones Unidas, este<\/p>\n","protected":false},"author":4,"featured_media":42600,"comment_status":"closed","ping_status":"closed","sticky":false,"template":"","format":"standard","meta":{"colormag_page_container_layout":"default_layout","colormag_page_sidebar_layout":"default_layout","_jetpack_memberships_contains_paid_content":false,"footnotes":"","jetpack_publicize_message":"","jetpack_publicize_feature_enabled":true,"jetpack_social_post_already_shared":true,"jetpack_social_options":{"image_generator_settings":{"template":"highway","default_image_id":0,"font":"","enabled":false},"version":2}},"categories":[3372,356],"tags":[],"class_list":["post-42599","post","type-post","status-publish","format-standard","has-post-thumbnail","hentry","category-gobierno-tuxpan","category-veracruz"],"jetpack_publicize_connections":[],"jetpack_featured_media_url":"https:\/\/noticiasveracruz.com\/wp-content\/uploads\/2024\/10\/fbb98822-785d-41f1-803c-384eed5163e0.jpg","jetpack_sharing_enabled":true,"publishpress_future_action":{"enabled":false,"date":"2026-05-08 13:35:04","action":"change-status","newStatus":"draft","terms":[],"taxonomy":"category","extraData":[]},"publishpress_future_workflow_manual_trigger":{"enabledWorkflows":[]},"_links":{"self":[{"href":"https:\/\/noticiasveracruz.com\/index.php\/wp-json\/wp\/v2\/posts\/42599","targetHints":{"allow":["GET"]}}],"collection":[{"href":"https:\/\/noticiasveracruz.com\/index.php\/wp-json\/wp\/v2\/posts"}],"about":[{"href":"https:\/\/noticiasveracruz.com\/index.php\/wp-json\/wp\/v2\/types\/post"}],"author":[{"embeddable":true,"href":"https:\/\/noticiasveracruz.com\/index.php\/wp-json\/wp\/v2\/users\/4"}],"replies":[{"embeddable":true,"href":"https:\/\/noticiasveracruz.com\/index.php\/wp-json\/wp\/v2\/comments?post=42599"}],"version-history":[{"count":0,"href":"https:\/\/noticiasveracruz.com\/index.php\/wp-json\/wp\/v2\/posts\/42599\/revisions"}],"wp:featuredmedia":[{"embeddable":true,"href":"https:\/\/noticiasveracruz.com\/index.php\/wp-json\/wp\/v2\/media\/42600"}],"wp:attachment":[{"href":"https:\/\/noticiasveracruz.com\/index.php\/wp-json\/wp\/v2\/media?parent=42599"}],"wp:term":[{"taxonomy":"category","embeddable":true,"href":"https:\/\/noticiasveracruz.com\/index.php\/wp-json\/wp\/v2\/categories?post=42599"},{"taxonomy":"post_tag","embeddable":true,"href":"https:\/\/noticiasveracruz.com\/index.php\/wp-json\/wp\/v2\/tags?post=42599"}],"curies":[{"name":"wp","href":"https:\/\/api.w.org\/{rel}","templated":true}]}}