{"id":42589,"date":"2024-10-23T08:26:18","date_gmt":"2024-10-23T13:26:18","guid":{"rendered":"https:\/\/noticiasveracruz.com\/?p=42589"},"modified":"2024-10-23T08:26:18","modified_gmt":"2024-10-23T13:26:18","slug":"modernizacion-del-transporte-publico-realidad-con-rocio-nahle","status":"publish","type":"post","link":"https:\/\/noticiasveracruz.com\/index.php\/2024\/10\/23\/modernizacion-del-transporte-publico-realidad-con-rocio-nahle\/","title":{"rendered":"Modernizaci\u00f3n del Transporte P\u00fablico, realidad con Roc\u00edo Nahle"},"content":{"rendered":"<p><span style=\"font-size: 14pt;\">Por: Luis Ram\u00edrez Baqueiro<\/span><\/p>\n<p>&nbsp;<\/p>\n<p><span style=\"font-size: 14pt;\"><em>\u201cEl cambio no es s\u00f3lo parte esencial de la vida, es la vida misma.\u201d \u2013 Alvin Toffler.<\/em><\/span><\/p>\n<p><span style=\"font-size: 14pt;\">\u00a0<\/span><\/p>\n<p><span style=\"font-size: 14pt;\">Veracruz no ha tenido una administraci\u00f3n estatal que verdaderamente le entre a fondo al tema de modernizar el transporte p\u00fablico de pasajeros en la entidad desde los tiempos del ex gobernador Dante Alfonso Delgado Rannauro.<\/span><\/p>\n<p><span style=\"font-size: 14pt;\">Muchas han sido las razones para no entrarle al tema, pues su complejidad y sobre todo las consecuencias pol\u00edticas que implicaba en anta\u00f1o entrarle al asunto fueron siendo tema vedado para las administraciones estatales.<\/span><\/p>\n<p><span style=\"font-size: 14pt;\">Las cadenas corruptivas y los cacicazgos transportistas han sido un freno al que los gobernadores veracruzanos regularmente le sacan la vuelta, ya sea por la complejidad del asunto, o por temor a posibles represalias.<\/span><\/p>\n<p><span style=\"font-size: 14pt;\">El famoso control del otrora poderoso pulpo camionero ha sido siempre tema vedado en las mesas de discusi\u00f3n pol\u00edtica, por temor al posible cobro de venganzas pol\u00edticas en los procesos electorales.<\/span><\/p>\n<p><span style=\"font-size: 14pt;\">Quienes en anta\u00f1o realizaron las movilizaciones para que los militantes del otrora poderoso Partido Revolucionario Institucional (PRI) fueran a votar, eran precisamente los l\u00edderes transportistas, quienes pon\u00edan sus unidades a cambio de mantenerles el <em>estatus quo<\/em> de la problem\u00e1tica que ellos controlaban.<\/span><\/p>\n<p><span style=\"font-size: 14pt;\">Pero finalmente ha llegado al Gobierno de Veracruz, una gobernadora con alta sensibilidad pol\u00edtica, que no se cierra en lo absoluto a llamar las cosas por su nombre, y que en diversas ocasiones ha reconocido que una de las principales quejas ciudadanas es la p\u00e9sima prestaci\u00f3n del servicio urbano de pasajeros, as\u00ed como las serias irregularidades que al interior de la Direcci\u00f3n General de Transporte P\u00fablico se enfrentan los transportistas, en donde los elementos adscritos a la dependencia realizan actos deliberados de corrupci\u00f3n en cumplimiento de instrucciones de sus propios directivos, algo que es injustificable.<\/span><\/p>\n<p><span style=\"font-size: 14pt;\">Es por ello que la Gobernadora Electa, Roc\u00edo Nahle Garc\u00eda lleva m\u00e1s de siete meses trabajando en la elaboraci\u00f3n de un Plan para la Modernizaci\u00f3n del Transporte P\u00fablico as\u00ed como de transformaci\u00f3n en las Direcciones de Transporte P\u00fablico y Tr\u00e1nsito del Estado.<\/span><\/p>\n<p><span style=\"font-size: 14pt;\">La reciente noticia de su reuni\u00f3n con empresarios chinos del Corporativo Asi\u00e1tico Yutong, l\u00edderes a nivel mundial en la fabricaci\u00f3n de autobuses y veh\u00edculos convencionales, h\u00edbridos y el\u00e9ctricos, habla de su inter\u00e9s por transformar a Veracruz en esta importante vertiente.<\/span><\/p>\n<p><span style=\"font-size: 14pt;\">Casos como el de Xalapa, Veracruz, C\u00f3rdoba, Minatitl\u00e1n-Coatzacoalcos en donde las agrupaciones de transportistas han obstaculizado por a\u00f1os la modernizaci\u00f3n del transporte con base en la ausencia de incrementos a las tarifas, prestando servicios de p\u00e9sima calidad, en unidades chatarra, son la evidencia de esa urgente necesidad de entrarle al tema de frente y por los cuernos.<\/span><\/p>\n<p><span style=\"font-size: 14pt;\">El caos vehicular de la ciudad capital, bien se podr\u00eda mitigar si se modificar\u00e1n las rutas, se sacar\u00e1n de servicio cientos de unidades obsoletas, que son focos constantes de contaminaci\u00f3n \u2013que por incre\u00edble que parezca acreditan las Revistas Vehiculares a pesar de la estela de smog que dejan a su paso- evidenciando que la corrupci\u00f3n institucional es el pan nuestro de cada d\u00eda.<\/span><\/p>\n<p><span style=\"font-size: 14pt;\">La posible creaci\u00f3n de la primera l\u00ednea de metrob\u00fas para la ciudad de Xalapa que abarque todo el corredor L\u00e1zaro C\u00e1rdenas-Ruiz Cortines-Circuito Presidentes-Arco Sur y nuevamente L\u00e1zaro C\u00e1rdenas bien podr\u00eda mejorar en mucho el caos vial de la capital, creando y reagrupando rutas alternas solo de interconexi\u00f3n con las \u00e1reas internas de la ciudad, lo que coadyuvar\u00e1 sustancialmente a mejorar los tiempos de recorrido y desplazamiento de pasajeros por la capital.<\/span><\/p>\n<p><span style=\"font-size: 14pt;\">Solo cabe se\u00f1alar que los concesionarios del servicio urbano son prestadores de un servicio que el estado les ha conferido, no son ni los due\u00f1os de las rutas, mucho menos del servicio, y si ellos no han puesto de su parte para la construcci\u00f3n de una mejor movilidad, el Gobierno del Estado est\u00e1 en su derecho de poder intervenir y ejecutar acciones que transformen lo que es un caos.<\/span><\/p>\n<p><span style=\"font-size: 14pt;\">Por ello, el papel y rol que ha comenzado asumir la gobernadora electa de Veracruz, Nahle Garc\u00eda habla de que ella viene a trabajar para mejorar en mucho uno de los tantos problemas a\u00f1ejos en la entidad.<\/span><\/p>\n<p><span style=\"font-size: 14pt;\">Enhorabuena y que lo que venga sea por el bien de Veracruz.<\/span><\/p>\n<p><span style=\"font-size: 14pt;\">\u00a0<\/span><\/p>\n<p><span style=\"font-size: 14pt;\">Al tiempo.<\/span><\/p>\n","protected":false},"excerpt":{"rendered":"<p>Por: Luis Ram\u00edrez Baqueiro &nbsp; \u201cEl cambio no es s\u00f3lo parte esencial de la vida, es la vida misma.\u201d \u2013<\/p>\n","protected":false},"author":4,"featured_media":30989,"comment_status":"closed","ping_status":"closed","sticky":false,"template":"","format":"standard","meta":{"colormag_page_container_layout":"default_layout","colormag_page_sidebar_layout":"default_layout","_jetpack_memberships_contains_paid_content":false,"footnotes":"","jetpack_publicize_message":"","jetpack_publicize_feature_enabled":true,"jetpack_social_post_already_shared":true,"jetpack_social_options":{"image_generator_settings":{"template":"highway","default_image_id":0,"font":"","enabled":false},"version":2}},"categories":[6],"tags":[],"class_list":["post-42589","post","type-post","status-publish","format-standard","has-post-thumbnail","hentry","category-columnistas"],"jetpack_publicize_connections":[],"jetpack_featured_media_url":"https:\/\/noticiasveracruz.com\/wp-content\/uploads\/2024\/05\/LUIS-RAMIREZ-BAQUEIRO-800x445-1.png","jetpack_sharing_enabled":true,"publishpress_future_action":{"enabled":false,"date":"2026-05-10 06:32:59","action":"change-status","newStatus":"draft","terms":[],"taxonomy":"category","extraData":[]},"publishpress_future_workflow_manual_trigger":{"enabledWorkflows":[]},"_links":{"self":[{"href":"https:\/\/noticiasveracruz.com\/index.php\/wp-json\/wp\/v2\/posts\/42589","targetHints":{"allow":["GET"]}}],"collection":[{"href":"https:\/\/noticiasveracruz.com\/index.php\/wp-json\/wp\/v2\/posts"}],"about":[{"href":"https:\/\/noticiasveracruz.com\/index.php\/wp-json\/wp\/v2\/types\/post"}],"author":[{"embeddable":true,"href":"https:\/\/noticiasveracruz.com\/index.php\/wp-json\/wp\/v2\/users\/4"}],"replies":[{"embeddable":true,"href":"https:\/\/noticiasveracruz.com\/index.php\/wp-json\/wp\/v2\/comments?post=42589"}],"version-history":[{"count":0,"href":"https:\/\/noticiasveracruz.com\/index.php\/wp-json\/wp\/v2\/posts\/42589\/revisions"}],"wp:featuredmedia":[{"embeddable":true,"href":"https:\/\/noticiasveracruz.com\/index.php\/wp-json\/wp\/v2\/media\/30989"}],"wp:attachment":[{"href":"https:\/\/noticiasveracruz.com\/index.php\/wp-json\/wp\/v2\/media?parent=42589"}],"wp:term":[{"taxonomy":"category","embeddable":true,"href":"https:\/\/noticiasveracruz.com\/index.php\/wp-json\/wp\/v2\/categories?post=42589"},{"taxonomy":"post_tag","embeddable":true,"href":"https:\/\/noticiasveracruz.com\/index.php\/wp-json\/wp\/v2\/tags?post=42589"}],"curies":[{"name":"wp","href":"https:\/\/api.w.org\/{rel}","templated":true}]}}