{"id":42520,"date":"2024-10-23T00:00:02","date_gmt":"2024-10-23T05:00:02","guid":{"rendered":"https:\/\/noticiasveracruz.com\/?p=42520"},"modified":"2024-10-22T22:52:44","modified_gmt":"2024-10-23T03:52:44","slug":"alistan-panteones-para-dia-de-muertos","status":"publish","type":"post","link":"https:\/\/noticiasveracruz.com\/index.php\/2024\/10\/23\/alistan-panteones-para-dia-de-muertos\/","title":{"rendered":"Alistan panteones para D\u00eda de Muertos"},"content":{"rendered":"<p><span style=\"font-size: 14pt;\">Con la finalidad de brindar un digno homenaje a quienes ya no est\u00e1n, las autoridades municipales intensificaron los trabajos de mantenimiento en los panteones Jard\u00edn y Galeana, previo a las celebraciones del D\u00eda de Muertos.<\/span><\/p>\n<p><span style=\"font-size: 14pt;\">Jorge Bautista, coordinador de camposantos, inform\u00f3 que las labores de limpieza, poda y acondicionamiento de los espacios comunes concluir\u00e1n en tiempo y forma, garantizando as\u00ed la seguridad y comodidad de los visitantes durante estos d\u00edas.<\/span><\/p>\n<p><span style=\"font-size: 14pt;\">\u201cEstamos preparados para recibir a un gran n\u00famero de personas, no solo de Tuxpan, sino tambi\u00e9n de otros municipios que aprovechan el puente para visitar las tumbas de sus seres queridos\u201d, indic\u00f3 el funcionario.<\/span><\/p>\n<p><span style=\"font-size: 14pt;\">Para facilitar el acceso y garantizar la tranquilidad de los asistentes, ambos panteones estar\u00e1n abiertos al p\u00fablico desde las 7:00 de la ma\u00f1ana hasta el \u00faltimo visitante, tanto el 1 como el 2 de noviembre.<\/span><\/p>\n<p><span style=\"font-size: 14pt;\">Como parte de las actividades programadas, el d\u00eda 2 de noviembre se llevar\u00e1 a cabo una misa oficiada por el Obispo de la Di\u00f3cesis, Roberto Madrigal Gallegos, posteriormente, se realizar\u00e1 un evento cultural con m\u00fasica en vivo y danzas t\u00edpicas, coordinado por las autoridades de cultura.<\/span><\/p>\n<p><span style=\"font-size: 14pt;\">Con estas acciones, el Ayuntamiento busca preservar las tradiciones y costumbres de la localidad, invitando a la poblaci\u00f3n a participar en estas celebraciones y recordar con cari\u00f1o a quienes ya no est\u00e1n con nosotros.<\/span><\/p>\n","protected":false},"excerpt":{"rendered":"<p>Con la finalidad de brindar un digno homenaje a quienes ya no est\u00e1n, las autoridades municipales intensificaron los trabajos de<\/p>\n","protected":false},"author":4,"featured_media":42521,"comment_status":"closed","ping_status":"closed","sticky":false,"template":"","format":"standard","meta":{"colormag_page_container_layout":"default_layout","colormag_page_sidebar_layout":"default_layout","_jetpack_memberships_contains_paid_content":false,"footnotes":"","jetpack_publicize_message":"","jetpack_publicize_feature_enabled":true,"jetpack_social_post_already_shared":true,"jetpack_social_options":{"image_generator_settings":{"template":"highway","default_image_id":0,"font":"","enabled":false},"version":2}},"categories":[356],"tags":[],"class_list":["post-42520","post","type-post","status-publish","format-standard","has-post-thumbnail","hentry","category-veracruz"],"jetpack_publicize_connections":[],"jetpack_featured_media_url":"https:\/\/noticiasveracruz.com\/wp-content\/uploads\/2024\/10\/4b-3.jpg","jetpack_sharing_enabled":true,"publishpress_future_action":{"enabled":false,"date":"2026-05-10 02:30:31","action":"change-status","newStatus":"draft","terms":[],"taxonomy":"category","extraData":[]},"publishpress_future_workflow_manual_trigger":{"enabledWorkflows":[]},"_links":{"self":[{"href":"https:\/\/noticiasveracruz.com\/index.php\/wp-json\/wp\/v2\/posts\/42520","targetHints":{"allow":["GET"]}}],"collection":[{"href":"https:\/\/noticiasveracruz.com\/index.php\/wp-json\/wp\/v2\/posts"}],"about":[{"href":"https:\/\/noticiasveracruz.com\/index.php\/wp-json\/wp\/v2\/types\/post"}],"author":[{"embeddable":true,"href":"https:\/\/noticiasveracruz.com\/index.php\/wp-json\/wp\/v2\/users\/4"}],"replies":[{"embeddable":true,"href":"https:\/\/noticiasveracruz.com\/index.php\/wp-json\/wp\/v2\/comments?post=42520"}],"version-history":[{"count":0,"href":"https:\/\/noticiasveracruz.com\/index.php\/wp-json\/wp\/v2\/posts\/42520\/revisions"}],"wp:featuredmedia":[{"embeddable":true,"href":"https:\/\/noticiasveracruz.com\/index.php\/wp-json\/wp\/v2\/media\/42521"}],"wp:attachment":[{"href":"https:\/\/noticiasveracruz.com\/index.php\/wp-json\/wp\/v2\/media?parent=42520"}],"wp:term":[{"taxonomy":"category","embeddable":true,"href":"https:\/\/noticiasveracruz.com\/index.php\/wp-json\/wp\/v2\/categories?post=42520"},{"taxonomy":"post_tag","embeddable":true,"href":"https:\/\/noticiasveracruz.com\/index.php\/wp-json\/wp\/v2\/tags?post=42520"}],"curies":[{"name":"wp","href":"https:\/\/api.w.org\/{rel}","templated":true}]}}