{"id":42515,"date":"2024-10-22T10:56:04","date_gmt":"2024-10-22T15:56:04","guid":{"rendered":"https:\/\/noticiasveracruz.com\/?p=42515"},"modified":"2024-10-22T10:56:04","modified_gmt":"2024-10-22T15:56:04","slug":"fue-activado-el-refugio-temporal-del-dif-como-medida-preventiva-ante-las-lluvias","status":"publish","type":"post","link":"https:\/\/noticiasveracruz.com\/index.php\/2024\/10\/22\/fue-activado-el-refugio-temporal-del-dif-como-medida-preventiva-ante-las-lluvias\/","title":{"rendered":"Fue activado el Refugio Temporal del DIF, como medida preventiva ante las lluvias"},"content":{"rendered":"<p><span style=\"font-size: 14pt;\">Como medida preventiva se ha activado el Refugio Temporal del DIF y ha sido equipado con todo lo necesario para atender a las familias que llegasen a necesitarlo.<\/span><\/p>\n<p><span style=\"font-size: 14pt;\">El presidente municipal Jos\u00e9 Manuel Pozos Castro instruy\u00f3 a Protecci\u00f3n Civil, Bomberos y a la Secretar\u00eda de Seguridad P\u00fablica Municipal para que contin\u00faen en m\u00e1xima alerta durante el tiempo que dure el temporal lluvioso.<\/span><\/p>\n<p><span style=\"font-size: 14pt;\">Tambi\u00e9n, para que sigan brindando apoyo en forma inmediata, ante cualquier solicitud de la ciudadan\u00eda.<\/span><\/p>\n<p><span style=\"font-size: 14pt;\">La presidenta del DIF Tuxpan, Pamela Morales Huesca, ha asignado personal para que mantenga operativo y con todos los servicios, este Refugio Temporal.<\/span><\/p>\n<p><span style=\"font-size: 14pt;\">El Gobierno de Tuxpan pone a disposici\u00f3n de la ciudadan\u00eda los n\u00fameros telef\u00f3nicos de Protecci\u00f3n Civil (783 83 50127), Bomberos (783 83 4 0646) y el 911 de emergencias.<\/span><\/p>\n<p><span style=\"font-size: 14pt;\">Si bien, a corto plazo se espera una reducci\u00f3n en el potencial de lluvias, la prevenci\u00f3n siempre ser\u00e1 la mejor forma de actuar.<\/span><\/p>\n<p><span style=\"font-size: 14pt;\">El d\u00eda de hoy Protecci\u00f3n Civil y Bomberos trabajaron en la zona urbana y rural atendiendo algunas afectaciones que dejaron las lluvias.<\/span><\/p>\n<p><span style=\"font-size: 14pt;\">Tambi\u00e9n rescataron sana y salva a una persona que hab\u00eda quedado atrapada por el desbordamiento de un arroyo, en la comunidad Las Pasas.<\/span><\/p>\n","protected":false},"excerpt":{"rendered":"<p>Como medida preventiva se ha activado el Refugio Temporal del DIF y ha sido equipado con todo lo necesario para<\/p>\n","protected":false},"author":4,"featured_media":42516,"comment_status":"closed","ping_status":"closed","sticky":false,"template":"","format":"standard","meta":{"colormag_page_container_layout":"default_layout","colormag_page_sidebar_layout":"default_layout","_jetpack_memberships_contains_paid_content":false,"footnotes":"","jetpack_publicize_message":"","jetpack_publicize_feature_enabled":true,"jetpack_social_post_already_shared":true,"jetpack_social_options":{"image_generator_settings":{"template":"highway","default_image_id":0,"font":"","enabled":false},"version":2}},"categories":[3372,356],"tags":[],"class_list":["post-42515","post","type-post","status-publish","format-standard","has-post-thumbnail","hentry","category-gobierno-tuxpan","category-veracruz"],"jetpack_publicize_connections":[],"jetpack_featured_media_url":"https:\/\/noticiasveracruz.com\/wp-content\/uploads\/2024\/10\/cf33ae01-504b-4fb0-a302-348ac7e30a99.jpg","jetpack_sharing_enabled":true,"publishpress_future_action":{"enabled":false,"date":"2026-05-08 13:35:04","action":"change-status","newStatus":"draft","terms":[],"taxonomy":"category","extraData":[]},"publishpress_future_workflow_manual_trigger":{"enabledWorkflows":[]},"_links":{"self":[{"href":"https:\/\/noticiasveracruz.com\/index.php\/wp-json\/wp\/v2\/posts\/42515","targetHints":{"allow":["GET"]}}],"collection":[{"href":"https:\/\/noticiasveracruz.com\/index.php\/wp-json\/wp\/v2\/posts"}],"about":[{"href":"https:\/\/noticiasveracruz.com\/index.php\/wp-json\/wp\/v2\/types\/post"}],"author":[{"embeddable":true,"href":"https:\/\/noticiasveracruz.com\/index.php\/wp-json\/wp\/v2\/users\/4"}],"replies":[{"embeddable":true,"href":"https:\/\/noticiasveracruz.com\/index.php\/wp-json\/wp\/v2\/comments?post=42515"}],"version-history":[{"count":0,"href":"https:\/\/noticiasveracruz.com\/index.php\/wp-json\/wp\/v2\/posts\/42515\/revisions"}],"wp:featuredmedia":[{"embeddable":true,"href":"https:\/\/noticiasveracruz.com\/index.php\/wp-json\/wp\/v2\/media\/42516"}],"wp:attachment":[{"href":"https:\/\/noticiasveracruz.com\/index.php\/wp-json\/wp\/v2\/media?parent=42515"}],"wp:term":[{"taxonomy":"category","embeddable":true,"href":"https:\/\/noticiasveracruz.com\/index.php\/wp-json\/wp\/v2\/categories?post=42515"},{"taxonomy":"post_tag","embeddable":true,"href":"https:\/\/noticiasveracruz.com\/index.php\/wp-json\/wp\/v2\/tags?post=42515"}],"curies":[{"name":"wp","href":"https:\/\/api.w.org\/{rel}","templated":true}]}}