{"id":42512,"date":"2024-10-22T00:19:05","date_gmt":"2024-10-22T05:19:05","guid":{"rendered":"https:\/\/noticiasveracruz.com\/?p=42512"},"modified":"2024-10-22T00:04:43","modified_gmt":"2024-10-22T05:04:43","slug":"mexico-ofrece-apoyo-a-cuba-para-restaurar-energia-electrica","status":"publish","type":"post","link":"https:\/\/noticiasveracruz.com\/index.php\/2024\/10\/22\/mexico-ofrece-apoyo-a-cuba-para-restaurar-energia-electrica\/","title":{"rendered":"M\u00e9xico ofrece apoyo a Cuba para restaurar energ\u00eda el\u00e9ctrica"},"content":{"rendered":"<p><span style=\"font-size: 14pt;\">El\u00a0Gobierno de M\u00e9xico, mediante la canciller\u00eda,\u00a0ofreci\u00f3 apoyo a\u00a0Cuba\u00a0para\u00a0restaurar\u00a0el\u00a0sistema el\u00e9ctrico\u00a0que lleva al menos\u00a0cuatro d\u00edas sin suministrar luz\u00a0en gran parte de la Isla.<\/span><\/p>\n<p><span style=\"font-size: 14pt;\">\u201cM\u00e9xico\u00a0a trav\u00e9s de su\u00a0embajada en La Habana, expres\u00f3 oportunamente su\u00a0voluntad\u00a0al pueblo cubano de\u00a0prestar apoyo\u00a0ante la dif\u00edcil situaci\u00f3n que enfrenta\u201d, comparti\u00f3 la Secretar\u00eda de Relaciones Exteriores.<\/span><\/p>\n<p><span style=\"font-size: 14pt;\">Desde el\u00a017 de octubre\u00a0Cuba\u00a0comenz\u00f3\u00a0a registrar\u00a0fallas en su sistema energ\u00e9tico nacional\u00a0lo que provoc\u00f3 un\u00a0apag\u00f3n masivo\u00a0que afecta a los cubanos.<\/span><\/p>\n","protected":false},"excerpt":{"rendered":"<p>El\u00a0Gobierno de M\u00e9xico, mediante la canciller\u00eda,\u00a0ofreci\u00f3 apoyo a\u00a0Cuba\u00a0para\u00a0restaurar\u00a0el\u00a0sistema el\u00e9ctrico\u00a0que lleva al menos\u00a0cuatro d\u00edas sin suministrar luz\u00a0en gran parte de la<\/p>\n","protected":false},"author":4,"featured_media":42513,"comment_status":"closed","ping_status":"closed","sticky":false,"template":"","format":"standard","meta":{"colormag_page_container_layout":"default_layout","colormag_page_sidebar_layout":"default_layout","_jetpack_memberships_contains_paid_content":false,"footnotes":"","jetpack_publicize_message":"","jetpack_publicize_feature_enabled":true,"jetpack_social_post_already_shared":true,"jetpack_social_options":{"image_generator_settings":{"template":"highway","default_image_id":0,"font":"","enabled":false},"version":2}},"categories":[4],"tags":[],"class_list":["post-42512","post","type-post","status-publish","format-standard","has-post-thumbnail","hentry","category-nacional"],"jetpack_publicize_connections":[],"jetpack_featured_media_url":"https:\/\/noticiasveracruz.com\/wp-content\/uploads\/2024\/10\/Cuba-1.jpg","jetpack_sharing_enabled":true,"publishpress_future_action":{"enabled":false,"date":"2026-05-10 02:30:32","action":"change-status","newStatus":"draft","terms":[],"taxonomy":"category","extraData":[]},"publishpress_future_workflow_manual_trigger":{"enabledWorkflows":[]},"_links":{"self":[{"href":"https:\/\/noticiasveracruz.com\/index.php\/wp-json\/wp\/v2\/posts\/42512","targetHints":{"allow":["GET"]}}],"collection":[{"href":"https:\/\/noticiasveracruz.com\/index.php\/wp-json\/wp\/v2\/posts"}],"about":[{"href":"https:\/\/noticiasveracruz.com\/index.php\/wp-json\/wp\/v2\/types\/post"}],"author":[{"embeddable":true,"href":"https:\/\/noticiasveracruz.com\/index.php\/wp-json\/wp\/v2\/users\/4"}],"replies":[{"embeddable":true,"href":"https:\/\/noticiasveracruz.com\/index.php\/wp-json\/wp\/v2\/comments?post=42512"}],"version-history":[{"count":0,"href":"https:\/\/noticiasveracruz.com\/index.php\/wp-json\/wp\/v2\/posts\/42512\/revisions"}],"wp:featuredmedia":[{"embeddable":true,"href":"https:\/\/noticiasveracruz.com\/index.php\/wp-json\/wp\/v2\/media\/42513"}],"wp:attachment":[{"href":"https:\/\/noticiasveracruz.com\/index.php\/wp-json\/wp\/v2\/media?parent=42512"}],"wp:term":[{"taxonomy":"category","embeddable":true,"href":"https:\/\/noticiasveracruz.com\/index.php\/wp-json\/wp\/v2\/categories?post=42512"},{"taxonomy":"post_tag","embeddable":true,"href":"https:\/\/noticiasveracruz.com\/index.php\/wp-json\/wp\/v2\/tags?post=42512"}],"curies":[{"name":"wp","href":"https:\/\/api.w.org\/{rel}","templated":true}]}}