{"id":42488,"date":"2024-10-22T00:09:23","date_gmt":"2024-10-22T05:09:23","guid":{"rendered":"https:\/\/noticiasveracruz.com\/?p=42488"},"modified":"2024-10-21T23:45:31","modified_gmt":"2024-10-22T04:45:31","slug":"golpea-mal-tiempo-al-sector-nautico-de-quintana-roo","status":"publish","type":"post","link":"https:\/\/noticiasveracruz.com\/index.php\/2024\/10\/22\/golpea-mal-tiempo-al-sector-nautico-de-quintana-roo\/","title":{"rendered":"Golpea mal tiempo al sector n\u00e1utico de Quintana Roo"},"content":{"rendered":"<p><span style=\"font-size: 14pt;\">Durante todo el pasado fin de semana y hasta este lunes 21 de octubre se mantuvo\u00a0limitada la navegaci\u00f3n en los puertos del norte de Quintana Roo, ampliando la mala racha del sector n\u00e1utico recreativo por el mal tiempo.<\/span><\/p>\n<p><span style=\"font-size: 14pt;\">Durante tres d\u00edas, la\u00a0navegaci\u00f3n estuvo restringida\u00a0a las embarcaciones de menos de 15 metros de eslora y la realizaci\u00f3n de\u00a0actividades acu\u00e1ticas recreativas\u00a0en la zona norte de Quintana Roo, con lo cual suma ya cerca de 80 d\u00edas de inactividad en el sector en lo que va del a\u00f1o.<\/span><\/p>\n","protected":false},"excerpt":{"rendered":"<p>Durante todo el pasado fin de semana y hasta este lunes 21 de octubre se mantuvo\u00a0limitada la navegaci\u00f3n en los puertos del norte de Quintana Roo, ampliando la mala racha del sector n\u00e1utico recreativo por el mal tiempo. Durante tres d\u00edas, la\u00a0navegaci\u00f3n estuvo restringida\u00a0a las embarcaciones de menos de 15 metros de eslora y la [&hellip;]<\/p>\n","protected":false},"author":4,"featured_media":42489,"comment_status":"closed","ping_status":"closed","sticky":false,"template":"","format":"standard","meta":{"_jetpack_newsletter_access":"","_jetpack_dont_email_post_to_subs":false,"_jetpack_newsletter_tier_id":0,"_jetpack_memberships_contains_paywalled_content":false,"_jetpack_feature_clip_id":0,"_jetpack_memberships_contains_paid_content":false,"footnotes":"","jetpack_publicize_message":"","jetpack_publicize_feature_enabled":true,"jetpack_social_post_already_shared":true,"jetpack_social_options":{"image_generator_settings":{"template":"highway","default_image_id":0,"font":"","enabled":false},"version":2},"jetpack_post_was_ever_published":false},"categories":[145],"tags":[],"class_list":["post-42488","post","type-post","status-publish","format-standard","has-post-thumbnail","hentry","category-estados"],"jetpack_publicize_connections":[],"jetpack_sharing_enabled":true,"publishpress_future_action":{"enabled":false,"date":"2026-09-10 08:27:47","action":"change-status","newStatus":"draft","terms":[],"taxonomy":"category","extraData":[]},"publishpress_future_workflow_manual_trigger":{"enabledWorkflows":[]},"jetpack_featured_media_url":"https:\/\/noticiasveracruz.com\/wp-content\/uploads\/2024\/10\/66f49adc3063b.jpeg","_links":{"self":[{"href":"https:\/\/noticiasveracruz.com\/index.php\/wp-json\/wp\/v2\/posts\/42488","targetHints":{"allow":["GET"]}}],"collection":[{"href":"https:\/\/noticiasveracruz.com\/index.php\/wp-json\/wp\/v2\/posts"}],"about":[{"href":"https:\/\/noticiasveracruz.com\/index.php\/wp-json\/wp\/v2\/types\/post"}],"author":[{"embeddable":true,"href":"https:\/\/noticiasveracruz.com\/index.php\/wp-json\/wp\/v2\/users\/4"}],"replies":[{"embeddable":true,"href":"https:\/\/noticiasveracruz.com\/index.php\/wp-json\/wp\/v2\/comments?post=42488"}],"version-history":[{"count":0,"href":"https:\/\/noticiasveracruz.com\/index.php\/wp-json\/wp\/v2\/posts\/42488\/revisions"}],"wp:featuredmedia":[{"embeddable":true,"href":"https:\/\/noticiasveracruz.com\/index.php\/wp-json\/wp\/v2\/media\/42489"}],"wp:attachment":[{"href":"https:\/\/noticiasveracruz.com\/index.php\/wp-json\/wp\/v2\/media?parent=42488"}],"wp:term":[{"taxonomy":"category","embeddable":true,"href":"https:\/\/noticiasveracruz.com\/index.php\/wp-json\/wp\/v2\/categories?post=42488"},{"taxonomy":"post_tag","embeddable":true,"href":"https:\/\/noticiasveracruz.com\/index.php\/wp-json\/wp\/v2\/tags?post=42488"}],"curies":[{"name":"wp","href":"https:\/\/api.w.org\/{rel}","templated":true}]}}