{"id":42482,"date":"2024-10-22T00:07:40","date_gmt":"2024-10-22T05:07:40","guid":{"rendered":"https:\/\/noticiasveracruz.com\/?p=42482"},"modified":"2024-10-21T23:41:54","modified_gmt":"2024-10-22T04:41:54","slug":"ha-comenzado-la-extincion-de-la-biodiversidad-y-la-vida-alerta-gustavo-petro-en-la-cop16","status":"publish","type":"post","link":"https:\/\/noticiasveracruz.com\/index.php\/2024\/10\/22\/ha-comenzado-la-extincion-de-la-biodiversidad-y-la-vida-alerta-gustavo-petro-en-la-cop16\/","title":{"rendered":"\u00abHa comenzado la extinci\u00f3n de la biodiversidad y la vida\u00bb, alerta Gustavo Petro en la COP16"},"content":{"rendered":"<div>\n<div id=\"content-body-225-12741490\">\n<p><span style=\"font-size: 14pt;\">El\u00a0presidente de Colombia,\u00a0Gustavo Petro,\u00a0tild\u00f3 de \u00abilusos\u00bb a quienes \u00abniegan que\u00a0ha comenzado la extinci\u00f3n de la biodiversidad y la vida\u00bb, al inaugurar este domingo la COP16 de Biodiversidad en Cali, donde adem\u00e1s defendi\u00f3 que \u00abes\u00a0fundamental\u00a0cambiar deuda por\u00a0acci\u00f3n clim\u00e1tica\u00bb.<\/span><\/p>\n<p><span style=\"font-size: 14pt;\">\u00abIlusos los que piensan en los foros mundiales como este que el mercado libre podr\u00e1 llevar a la maximizaci\u00f3n del bienestar y que llevar\u00e1 a los seres humanos a ser portadores de la vida\u00bb, agreg\u00f3\u00a0Petro, y vaticin\u00f3 que \u00abquiz\u00e1s\u00a0la m\u00e1s grande batalla est\u00e1 por comenzar\u00a0(&#8230;) es\u00a0la gran batalla de la vida\u00bb.<\/span><\/p>\n<\/div>\n<\/div>\n<div>\n<div id=\"dfp-nota-1x3s\" data-google-query-id=\"CLC5__qVoYkDFcKIpgQdvIQd4A\">\n<div id=\"google_ads_iframe_\/2000002\/la-prensa\/mexico_nota_1x3_0__container__\">\n<div id=\"inArticle_1\">\n<div>\n<div>\n<div>\n<div><span style=\"font-size: 14pt;\">En este sentido, el mandatario dijo que Colombia\u00a0quiere\u00a0hacer parte de esta \u00abgran batalla de la vida\u00bb, porque \u00abes el coraz\u00f3n del mundo, el\u00a0pa\u00eds de la belleza\u00bb.<\/span><\/div>\n<\/div>\n<\/div>\n<\/div>\n<\/div>\n<\/div>\n<\/div>\n<\/div>\n","protected":false},"excerpt":{"rendered":"<p>El\u00a0presidente de Colombia,\u00a0Gustavo Petro,\u00a0tild\u00f3 de \u00abilusos\u00bb a quienes \u00abniegan que\u00a0ha comenzado la extinci\u00f3n de la biodiversidad y la vida\u00bb, al inaugurar este domingo la COP16 de Biodiversidad en Cali, donde adem\u00e1s defendi\u00f3 que \u00abes\u00a0fundamental\u00a0cambiar deuda por\u00a0acci\u00f3n clim\u00e1tica\u00bb. \u00abIlusos los que piensan en los foros mundiales como este que el mercado libre podr\u00e1 llevar a la [&hellip;]<\/p>\n","protected":false},"author":4,"featured_media":42483,"comment_status":"closed","ping_status":"closed","sticky":false,"template":"","format":"standard","meta":{"_jetpack_newsletter_access":"","_jetpack_dont_email_post_to_subs":false,"_jetpack_newsletter_tier_id":0,"_jetpack_memberships_contains_paywalled_content":false,"_jetpack_feature_clip_id":0,"_jetpack_memberships_contains_paid_content":false,"footnotes":"","jetpack_publicize_message":"","jetpack_publicize_feature_enabled":true,"jetpack_social_post_already_shared":true,"jetpack_social_options":{"image_generator_settings":{"template":"highway","default_image_id":0,"font":"","enabled":false},"version":2},"jetpack_post_was_ever_published":false},"categories":[355],"tags":[],"class_list":["post-42482","post","type-post","status-publish","format-standard","has-post-thumbnail","hentry","category-internacional"],"jetpack_publicize_connections":[],"jetpack_sharing_enabled":true,"publishpress_future_action":{"enabled":false,"date":"2026-09-07 09:26:52","action":"change-status","newStatus":"draft","terms":[],"taxonomy":"category","extraData":[]},"publishpress_future_workflow_manual_trigger":{"enabledWorkflows":[]},"jetpack_featured_media_url":"https:\/\/noticiasveracruz.com\/wp-content\/uploads\/2024\/10\/Petro.jpg","_links":{"self":[{"href":"https:\/\/noticiasveracruz.com\/index.php\/wp-json\/wp\/v2\/posts\/42482","targetHints":{"allow":["GET"]}}],"collection":[{"href":"https:\/\/noticiasveracruz.com\/index.php\/wp-json\/wp\/v2\/posts"}],"about":[{"href":"https:\/\/noticiasveracruz.com\/index.php\/wp-json\/wp\/v2\/types\/post"}],"author":[{"embeddable":true,"href":"https:\/\/noticiasveracruz.com\/index.php\/wp-json\/wp\/v2\/users\/4"}],"replies":[{"embeddable":true,"href":"https:\/\/noticiasveracruz.com\/index.php\/wp-json\/wp\/v2\/comments?post=42482"}],"version-history":[{"count":0,"href":"https:\/\/noticiasveracruz.com\/index.php\/wp-json\/wp\/v2\/posts\/42482\/revisions"}],"wp:featuredmedia":[{"embeddable":true,"href":"https:\/\/noticiasveracruz.com\/index.php\/wp-json\/wp\/v2\/media\/42483"}],"wp:attachment":[{"href":"https:\/\/noticiasveracruz.com\/index.php\/wp-json\/wp\/v2\/media?parent=42482"}],"wp:term":[{"taxonomy":"category","embeddable":true,"href":"https:\/\/noticiasveracruz.com\/index.php\/wp-json\/wp\/v2\/categories?post=42482"},{"taxonomy":"post_tag","embeddable":true,"href":"https:\/\/noticiasveracruz.com\/index.php\/wp-json\/wp\/v2\/tags?post=42482"}],"curies":[{"name":"wp","href":"https:\/\/api.w.org\/{rel}","templated":true}]}}