{"id":42387,"date":"2024-10-21T00:05:38","date_gmt":"2024-10-21T05:05:38","guid":{"rendered":"https:\/\/noticiasveracruz.com\/?p=42387"},"modified":"2024-10-20T20:45:10","modified_gmt":"2024-10-21T01:45:10","slug":"tormenta-tropical-nadine-deja-dos-muertos-tras-su-paso-por-chiapas","status":"publish","type":"post","link":"https:\/\/noticiasveracruz.com\/index.php\/2024\/10\/21\/tormenta-tropical-nadine-deja-dos-muertos-tras-su-paso-por-chiapas\/","title":{"rendered":"Tormenta tropical Nadine deja dos muertos tras su paso por Chiapas"},"content":{"rendered":"<div>\n<div id=\"content-body-225-12740016\">\n<p><span style=\"font-size: 14pt;\">Al menos\u00a0dos personas murieron\u00a0como resultado de las\u00a0intensas precipitaciones\u00a0provocadas por los remanentes de la\u00a0tormenta Nadine\u00a0en Chiapas, inform\u00f3 Protecci\u00f3n Civil del estado.<\/span><\/p>\n<p><span style=\"font-size: 14pt;\">Las\u00a0lluvias\u00a0desatadas por el fen\u00f3meno, que se form\u00f3 como tormenta tropical el s\u00e1bado en el Atl\u00e1ntico antes de internarse en Centroam\u00e9rica, han\u00a0provocado\u00a0el\u00a0desbordamiento\u00a0de\u00a0cauces y deslizamientos de tierra en\u00a0el estado de\u00a0Chiapas.<\/span><\/p>\n<\/div>\n<\/div>\n<div>\n<div id=\"dfp-nota-1x3s\" data-google-query-id=\"CNqPpcesnokDFT_z9QIdiFcEdQ\">\n<div id=\"google_ads_iframe_\/2000002\/la-prensa\/mexico_nota_1x3_0__container__\">\n<div id=\"inArticle_1\">\n<div>\n<div>\n<div>\n<div><span style=\"font-size: 14pt;\">\u00abDerivado de un deslizamiento de ladera\u00a0en la localidad\u00a0Carrizal\u00a0del municipio de Tila, se reporta el lamentable\u00a0fallecimiento de dos personas\u00a0que se encontraban en su\u00a0vivienda\u00bb de\u00a0materiales fr\u00e1giles, detall\u00f3 un reporte de Protecci\u00f3n Civil local.<\/span><\/div>\n<\/div>\n<\/div>\n<\/div>\n<\/div>\n<\/div>\n<\/div>\n<\/div>\n","protected":false},"excerpt":{"rendered":"<p>Al menos\u00a0dos personas murieron\u00a0como resultado de las\u00a0intensas precipitaciones\u00a0provocadas por los remanentes de la\u00a0tormenta Nadine\u00a0en Chiapas, inform\u00f3 Protecci\u00f3n Civil del estado.<\/p>\n","protected":false},"author":4,"featured_media":42388,"comment_status":"closed","ping_status":"closed","sticky":false,"template":"","format":"standard","meta":{"colormag_page_container_layout":"default_layout","colormag_page_sidebar_layout":"default_layout","_jetpack_memberships_contains_paid_content":false,"footnotes":"","jetpack_publicize_message":"","jetpack_publicize_feature_enabled":true,"jetpack_social_post_already_shared":true,"jetpack_social_options":{"image_generator_settings":{"template":"highway","default_image_id":0,"font":"","enabled":false},"version":2}},"categories":[4],"tags":[],"class_list":["post-42387","post","type-post","status-publish","format-standard","has-post-thumbnail","hentry","category-nacional"],"jetpack_publicize_connections":[],"jetpack_featured_media_url":"https:\/\/noticiasveracruz.com\/wp-content\/uploads\/2024\/10\/Nadine.jpg","jetpack_sharing_enabled":true,"publishpress_future_action":{"enabled":false,"date":"2026-05-10 11:13:48","action":"change-status","newStatus":"draft","terms":[],"taxonomy":"category","extraData":[]},"publishpress_future_workflow_manual_trigger":{"enabledWorkflows":[]},"_links":{"self":[{"href":"https:\/\/noticiasveracruz.com\/index.php\/wp-json\/wp\/v2\/posts\/42387","targetHints":{"allow":["GET"]}}],"collection":[{"href":"https:\/\/noticiasveracruz.com\/index.php\/wp-json\/wp\/v2\/posts"}],"about":[{"href":"https:\/\/noticiasveracruz.com\/index.php\/wp-json\/wp\/v2\/types\/post"}],"author":[{"embeddable":true,"href":"https:\/\/noticiasveracruz.com\/index.php\/wp-json\/wp\/v2\/users\/4"}],"replies":[{"embeddable":true,"href":"https:\/\/noticiasveracruz.com\/index.php\/wp-json\/wp\/v2\/comments?post=42387"}],"version-history":[{"count":0,"href":"https:\/\/noticiasveracruz.com\/index.php\/wp-json\/wp\/v2\/posts\/42387\/revisions"}],"wp:featuredmedia":[{"embeddable":true,"href":"https:\/\/noticiasveracruz.com\/index.php\/wp-json\/wp\/v2\/media\/42388"}],"wp:attachment":[{"href":"https:\/\/noticiasveracruz.com\/index.php\/wp-json\/wp\/v2\/media?parent=42387"}],"wp:term":[{"taxonomy":"category","embeddable":true,"href":"https:\/\/noticiasveracruz.com\/index.php\/wp-json\/wp\/v2\/categories?post=42387"},{"taxonomy":"post_tag","embeddable":true,"href":"https:\/\/noticiasveracruz.com\/index.php\/wp-json\/wp\/v2\/tags?post=42387"}],"curies":[{"name":"wp","href":"https:\/\/api.w.org\/{rel}","templated":true}]}}