{"id":42384,"date":"2024-10-21T00:04:28","date_gmt":"2024-10-21T05:04:28","guid":{"rendered":"https:\/\/noticiasveracruz.com\/?p=42384"},"modified":"2024-10-20T20:43:09","modified_gmt":"2024-10-21T01:43:09","slug":"hallan-2-personas-asesinadas-en-la-autopista-mazatlan-culiacan","status":"publish","type":"post","link":"https:\/\/noticiasveracruz.com\/index.php\/2024\/10\/21\/hallan-2-personas-asesinadas-en-la-autopista-mazatlan-culiacan\/","title":{"rendered":"Hallan 2 personas asesinadas en la autopista Mazatl\u00e1n-Culiac\u00e1n"},"content":{"rendered":"<p><span style=\"font-size: 14pt;\">Dos\u00a0personas\u00a0fueron encontradas\u00a0asesinadas\u00a0en la\u00a0autopista Mazatl\u00e1n-Culiac\u00e1n\u00a0en diferentes tramos carreteros, informa la\u00a0Secretar\u00eda de Seguridad P\u00fablica de Sinaloa.<\/span><\/p>\n<p><span style=\"font-size: 14pt;\">El primer cad\u00e1ver se localiz\u00f3 en el\u00a0Kil\u00f3metro 48, a la altura del centro ceremonial\u00a0Las Labradas, en San Ignacio.\u00a0Se trata de un hombre sin identificar envuelto en una\u00a0s\u00e1bana.<\/span><\/p>\n<p><span style=\"font-size: 14pt;\">El segundo cuerpo sin vida se ubic\u00f3 a la altura del\u00a0kil\u00f3metro 140, entre los poblados\u00a0Emancipaci\u00f3n y Ejido Francisco Villa,\u00a0sindicatura Emiliano Zapata.<\/span><\/p>\n","protected":false},"excerpt":{"rendered":"<p>Dos\u00a0personas\u00a0fueron encontradas\u00a0asesinadas\u00a0en la\u00a0autopista Mazatl\u00e1n-Culiac\u00e1n\u00a0en diferentes tramos carreteros, informa la\u00a0Secretar\u00eda de Seguridad P\u00fablica de Sinaloa. El primer cad\u00e1ver se localiz\u00f3 en<\/p>\n","protected":false},"author":4,"featured_media":42385,"comment_status":"closed","ping_status":"closed","sticky":false,"template":"","format":"standard","meta":{"colormag_page_container_layout":"default_layout","colormag_page_sidebar_layout":"default_layout","_jetpack_memberships_contains_paid_content":false,"footnotes":"","jetpack_publicize_message":"","jetpack_publicize_feature_enabled":true,"jetpack_social_post_already_shared":true,"jetpack_social_options":{"image_generator_settings":{"template":"highway","default_image_id":0,"font":"","enabled":false},"version":2}},"categories":[4],"tags":[],"class_list":["post-42384","post","type-post","status-publish","format-standard","has-post-thumbnail","hentry","category-nacional"],"jetpack_publicize_connections":[],"jetpack_featured_media_url":"https:\/\/noticiasveracruz.com\/wp-content\/uploads\/2024\/10\/caseta-mazatlan-culiacan.jpg","jetpack_sharing_enabled":true,"publishpress_future_action":{"enabled":false,"date":"2026-05-10 10:06:52","action":"change-status","newStatus":"draft","terms":[],"taxonomy":"category","extraData":[]},"publishpress_future_workflow_manual_trigger":{"enabledWorkflows":[]},"_links":{"self":[{"href":"https:\/\/noticiasveracruz.com\/index.php\/wp-json\/wp\/v2\/posts\/42384","targetHints":{"allow":["GET"]}}],"collection":[{"href":"https:\/\/noticiasveracruz.com\/index.php\/wp-json\/wp\/v2\/posts"}],"about":[{"href":"https:\/\/noticiasveracruz.com\/index.php\/wp-json\/wp\/v2\/types\/post"}],"author":[{"embeddable":true,"href":"https:\/\/noticiasveracruz.com\/index.php\/wp-json\/wp\/v2\/users\/4"}],"replies":[{"embeddable":true,"href":"https:\/\/noticiasveracruz.com\/index.php\/wp-json\/wp\/v2\/comments?post=42384"}],"version-history":[{"count":0,"href":"https:\/\/noticiasveracruz.com\/index.php\/wp-json\/wp\/v2\/posts\/42384\/revisions"}],"wp:featuredmedia":[{"embeddable":true,"href":"https:\/\/noticiasveracruz.com\/index.php\/wp-json\/wp\/v2\/media\/42385"}],"wp:attachment":[{"href":"https:\/\/noticiasveracruz.com\/index.php\/wp-json\/wp\/v2\/media?parent=42384"}],"wp:term":[{"taxonomy":"category","embeddable":true,"href":"https:\/\/noticiasveracruz.com\/index.php\/wp-json\/wp\/v2\/categories?post=42384"},{"taxonomy":"post_tag","embeddable":true,"href":"https:\/\/noticiasveracruz.com\/index.php\/wp-json\/wp\/v2\/tags?post=42384"}],"curies":[{"name":"wp","href":"https:\/\/api.w.org\/{rel}","templated":true}]}}