{"id":42381,"date":"2024-10-21T00:03:02","date_gmt":"2024-10-21T05:03:02","guid":{"rendered":"https:\/\/noticiasveracruz.com\/?p=42381"},"modified":"2024-10-20T20:09:22","modified_gmt":"2024-10-21T01:09:22","slug":"por-fuerte-viento-colapsa-estructura-de-construccion-en-el-acuario-de-veracruz","status":"publish","type":"post","link":"https:\/\/noticiasveracruz.com\/index.php\/2024\/10\/21\/por-fuerte-viento-colapsa-estructura-de-construccion-en-el-acuario-de-veracruz\/","title":{"rendered":"Por fuerte viento, colapsa estructura de construcci\u00f3n en el acuario de Veracruz"},"content":{"rendered":"<p><span style=\"font-size: 14pt;\">A m\u00e1s del a\u00f1o de haber iniciado obras de construcci\u00f3n, la tarde de este s\u00e1bado 19 de octubre, se report\u00f3 la ca\u00edda de una estructura posterior del\u00a0Aquarium\u00a0del puerto de\u00a0Veracruz. De acuerdo con reportes, el incidente sucedi\u00f3 alrededor de las 14:00 horas, cuando obreros e ingenieros se encontraban realizando sus labores.\u00a0En este desplome no se reportaron heridos, aunque en las im\u00e1genes compartidas se observa a los trabajadores consternados por la situaci\u00f3n.\u00a0<\/span><\/p>\n<p><span style=\"font-size: 14pt;\">Por el colapso de la estructura, la\u00a0Procuradur\u00eda Estatal de Protecci\u00f3n al Medio Ambiente (PMA) inform\u00f3 que la construcci\u00f3n que se cay\u00f3 fue la de la zona que se tiene contemplada para construir un mirador, esto en la parte trasera del\u00a0Aquarium. As\u00ed tambi\u00e9n, confirm\u00f3 que no hubo personlas lesionadas y que los restos de la cimbra colapsada, no causaron da\u00f1os a la plaza comercial del\u00a0acuario.<\/span><\/p>\n","protected":false},"excerpt":{"rendered":"<p>A m\u00e1s del a\u00f1o de haber iniciado obras de construcci\u00f3n, la tarde de este s\u00e1bado 19 de octubre, se report\u00f3<\/p>\n","protected":false},"author":4,"featured_media":42382,"comment_status":"closed","ping_status":"closed","sticky":false,"template":"","format":"standard","meta":{"colormag_page_container_layout":"default_layout","colormag_page_sidebar_layout":"default_layout","_jetpack_memberships_contains_paid_content":false,"footnotes":"","jetpack_publicize_message":"","jetpack_publicize_feature_enabled":true,"jetpack_social_post_already_shared":true,"jetpack_social_options":{"image_generator_settings":{"template":"highway","default_image_id":0,"font":"","enabled":false},"version":2}},"categories":[356],"tags":[],"class_list":["post-42381","post","type-post","status-publish","format-standard","has-post-thumbnail","hentry","category-veracruz"],"jetpack_publicize_connections":[],"jetpack_featured_media_url":"https:\/\/noticiasveracruz.com\/wp-content\/uploads\/2024\/10\/Por-fuerte-viento-colapsa-estructura-de-construccion-en-el-acuario-de-Veracruz.jpg","jetpack_sharing_enabled":true,"publishpress_future_action":{"enabled":false,"date":"2026-05-10 09:03:15","action":"change-status","newStatus":"draft","terms":[],"taxonomy":"category","extraData":[]},"publishpress_future_workflow_manual_trigger":{"enabledWorkflows":[]},"_links":{"self":[{"href":"https:\/\/noticiasveracruz.com\/index.php\/wp-json\/wp\/v2\/posts\/42381","targetHints":{"allow":["GET"]}}],"collection":[{"href":"https:\/\/noticiasveracruz.com\/index.php\/wp-json\/wp\/v2\/posts"}],"about":[{"href":"https:\/\/noticiasveracruz.com\/index.php\/wp-json\/wp\/v2\/types\/post"}],"author":[{"embeddable":true,"href":"https:\/\/noticiasveracruz.com\/index.php\/wp-json\/wp\/v2\/users\/4"}],"replies":[{"embeddable":true,"href":"https:\/\/noticiasveracruz.com\/index.php\/wp-json\/wp\/v2\/comments?post=42381"}],"version-history":[{"count":0,"href":"https:\/\/noticiasveracruz.com\/index.php\/wp-json\/wp\/v2\/posts\/42381\/revisions"}],"wp:featuredmedia":[{"embeddable":true,"href":"https:\/\/noticiasveracruz.com\/index.php\/wp-json\/wp\/v2\/media\/42382"}],"wp:attachment":[{"href":"https:\/\/noticiasveracruz.com\/index.php\/wp-json\/wp\/v2\/media?parent=42381"}],"wp:term":[{"taxonomy":"category","embeddable":true,"href":"https:\/\/noticiasveracruz.com\/index.php\/wp-json\/wp\/v2\/categories?post=42381"},{"taxonomy":"post_tag","embeddable":true,"href":"https:\/\/noticiasveracruz.com\/index.php\/wp-json\/wp\/v2\/tags?post=42381"}],"curies":[{"name":"wp","href":"https:\/\/api.w.org\/{rel}","templated":true}]}}