{"id":42378,"date":"2024-10-21T00:02:05","date_gmt":"2024-10-21T05:02:05","guid":{"rendered":"https:\/\/noticiasveracruz.com\/?p=42378"},"modified":"2024-10-20T20:06:56","modified_gmt":"2024-10-21T01:06:56","slug":"se-separaran-del-cargo-los-alcaldes-de-xalapa-tuxpan-y-alto-lucero","status":"publish","type":"post","link":"https:\/\/noticiasveracruz.com\/index.php\/2024\/10\/21\/se-separaran-del-cargo-los-alcaldes-de-xalapa-tuxpan-y-alto-lucero\/","title":{"rendered":"se separar\u00e1n del cargo los alcaldes de xalapa, tuxpan y alto lucero"},"content":{"rendered":"<p><span style=\"font-size: 14pt;\">Tres presidentes municipales y un edil solicitaron licencia al cargo ante el Congreso de Veracruz; se trata de funcionarios que se incorporar\u00e1n a nuevos cargos en el nuevo gobierno estatal o en la pr\u00f3xima Legislatura.<\/span><\/p>\n<p><span style=\"font-size: 14pt;\">Durante la s\u00e9ptima sesi\u00f3n ordinaria en el Congreso local se recibi\u00f3 y aprob\u00f3 la solicitud de los alcaldes de Xalapa, Ricardo Ahued Bardahuil; el de Tuxpan, Jos\u00e9 Manuel Pozos Castro y el de Alto Lucero, Luis Vidente Aguilar Castillo.<\/span><\/p>\n<p><span style=\"font-size: 14pt;\">En el caso del alcalde Xalapa se separar\u00e1 del cargo de manera temporal del 1 de diciembre de este a\u00f1o al 31 de diciembre de 2025.<\/span><\/p>\n<p><span style=\"font-size: 14pt;\">Hay que recordar que en su caso se unir\u00e1 al gabinete de la gobernadora electa Roc\u00edo Nahle Garc\u00eda como secretario de Gobierno. De esta manera se llamar\u00e1 a su suplente, Alberto Islas.<\/span><\/p>\n","protected":false},"excerpt":{"rendered":"<p>Tres presidentes municipales y un edil solicitaron licencia al cargo ante el Congreso de Veracruz; se trata de funcionarios que<\/p>\n","protected":false},"author":4,"featured_media":42379,"comment_status":"closed","ping_status":"closed","sticky":false,"template":"","format":"standard","meta":{"colormag_page_container_layout":"default_layout","colormag_page_sidebar_layout":"default_layout","_jetpack_memberships_contains_paid_content":false,"footnotes":"","jetpack_publicize_message":"","jetpack_publicize_feature_enabled":true,"jetpack_social_post_already_shared":true,"jetpack_social_options":{"image_generator_settings":{"template":"highway","default_image_id":0,"font":"","enabled":false},"version":2}},"categories":[356],"tags":[],"class_list":["post-42378","post","type-post","status-publish","format-standard","has-post-thumbnail","hentry","category-veracruz"],"jetpack_publicize_connections":[],"jetpack_featured_media_url":"https:\/\/noticiasveracruz.com\/wp-content\/uploads\/2024\/10\/se-separaran-del-cargo-los-alcaldes-de-xalapa-tuxpan-y-alto-lucero.jpg","jetpack_sharing_enabled":true,"publishpress_future_action":{"enabled":false,"date":"2026-05-10 08:00:13","action":"change-status","newStatus":"draft","terms":[],"taxonomy":"category","extraData":[]},"publishpress_future_workflow_manual_trigger":{"enabledWorkflows":[]},"_links":{"self":[{"href":"https:\/\/noticiasveracruz.com\/index.php\/wp-json\/wp\/v2\/posts\/42378","targetHints":{"allow":["GET"]}}],"collection":[{"href":"https:\/\/noticiasveracruz.com\/index.php\/wp-json\/wp\/v2\/posts"}],"about":[{"href":"https:\/\/noticiasveracruz.com\/index.php\/wp-json\/wp\/v2\/types\/post"}],"author":[{"embeddable":true,"href":"https:\/\/noticiasveracruz.com\/index.php\/wp-json\/wp\/v2\/users\/4"}],"replies":[{"embeddable":true,"href":"https:\/\/noticiasveracruz.com\/index.php\/wp-json\/wp\/v2\/comments?post=42378"}],"version-history":[{"count":0,"href":"https:\/\/noticiasveracruz.com\/index.php\/wp-json\/wp\/v2\/posts\/42378\/revisions"}],"wp:featuredmedia":[{"embeddable":true,"href":"https:\/\/noticiasveracruz.com\/index.php\/wp-json\/wp\/v2\/media\/42379"}],"wp:attachment":[{"href":"https:\/\/noticiasveracruz.com\/index.php\/wp-json\/wp\/v2\/media?parent=42378"}],"wp:term":[{"taxonomy":"category","embeddable":true,"href":"https:\/\/noticiasveracruz.com\/index.php\/wp-json\/wp\/v2\/categories?post=42378"},{"taxonomy":"post_tag","embeddable":true,"href":"https:\/\/noticiasveracruz.com\/index.php\/wp-json\/wp\/v2\/tags?post=42378"}],"curies":[{"name":"wp","href":"https:\/\/api.w.org\/{rel}","templated":true}]}}