{"id":42357,"date":"2024-10-20T00:13:10","date_gmt":"2024-10-20T05:13:10","guid":{"rendered":"https:\/\/noticiasveracruz.com\/?p=42357"},"modified":"2024-10-19T23:54:05","modified_gmt":"2024-10-20T04:54:05","slug":"estados-con-las-tasas-mas-altas-de-mortalidad-por-cancer-de-mama","status":"publish","type":"post","link":"https:\/\/noticiasveracruz.com\/index.php\/2024\/10\/20\/estados-con-las-tasas-mas-altas-de-mortalidad-por-cancer-de-mama\/","title":{"rendered":"Estados con las tasas m\u00e1s altas de mortalidad por c\u00e1ncer de mama"},"content":{"rendered":"<nav><span style=\"font-size: 14pt;\">El c\u00e1ncer\u00a0es la tercera causa de muerte en mujeres m\u00e1s com\u00fan; s\u00f3lo despu\u00e9s de enfermedades cardiovasculares y diabetes.\u00a0<\/span><\/nav>\n<nav><span style=\"font-size: 14pt;\">Entre los tipos de c\u00e1ncer m\u00e1s comunes en las defunciones est\u00e1 el c\u00e1ncer de mama que puede ser prevenible y curable si se detecta a tiempo.<\/span><\/nav>\n<nav><span style=\"font-size: 14pt;\">En M\u00e9xico, durante 2023 (la cifra m\u00e1s reciente disponible)\u00a0se contabilizaron 7,992 fallecimientos de mujeres por c\u00e1ncer de mama, seg\u00fan las cifras preliminares de las Estad\u00edsticas de Defunciones Registradas del Inegi.<\/span><\/p>\n<p><span style=\"font-size: 14pt;\">Esto produce una tasa nacional de 17.9 muertes relacionadas con el c\u00e1ncer de mama por cada 100,000.<\/span><\/p>\n<div id=\"div-gpt-ad-1722968823067-0\" data-google-query-id=\"CI6jleaUnIkDFVugpgQdb3op9Q\">\n<div id=\"google_ads_iframe_\/22164649877\/ElEconomista_Desktop_Nota_336x280_1_0__container__\">\n<div id=\"eplAdDivBoxBanner_MegaBoxBanner\"><span style=\"font-size: 14pt;\">Pero algunos estados presentan tasas de mortalidad significativamente mayores:\u00a0Sinaloa, Chihuahua, Coahuila, Nuevo Le\u00f3n y Jalisco son las cinco que tienen las tasas m\u00e1s altas a nivel nacional.<\/span><\/div>\n<\/div>\n<\/div>\n<\/nav>\n","protected":false},"excerpt":{"rendered":"<p>El c\u00e1ncer\u00a0es la tercera causa de muerte en mujeres m\u00e1s com\u00fan; s\u00f3lo despu\u00e9s de enfermedades cardiovasculares y diabetes.\u00a0 Entre los<\/p>\n","protected":false},"author":4,"featured_media":42358,"comment_status":"closed","ping_status":"closed","sticky":false,"template":"","format":"standard","meta":{"colormag_page_container_layout":"default_layout","colormag_page_sidebar_layout":"default_layout","_jetpack_memberships_contains_paid_content":false,"footnotes":"","jetpack_publicize_message":"","jetpack_publicize_feature_enabled":true,"jetpack_social_post_already_shared":true,"jetpack_social_options":{"image_generator_settings":{"template":"highway","default_image_id":0,"font":"","enabled":false},"version":2}},"categories":[145],"tags":[],"class_list":["post-42357","post","type-post","status-publish","format-standard","has-post-thumbnail","hentry","category-estados"],"jetpack_publicize_connections":[],"jetpack_featured_media_url":"https:\/\/noticiasveracruz.com\/wp-content\/uploads\/2024\/10\/cancerdemama-286357490.jpg","jetpack_sharing_enabled":true,"publishpress_future_action":{"enabled":false,"date":"2026-05-10 03:43:43","action":"change-status","newStatus":"draft","terms":[],"taxonomy":"category","extraData":[]},"publishpress_future_workflow_manual_trigger":{"enabledWorkflows":[]},"_links":{"self":[{"href":"https:\/\/noticiasveracruz.com\/index.php\/wp-json\/wp\/v2\/posts\/42357","targetHints":{"allow":["GET"]}}],"collection":[{"href":"https:\/\/noticiasveracruz.com\/index.php\/wp-json\/wp\/v2\/posts"}],"about":[{"href":"https:\/\/noticiasveracruz.com\/index.php\/wp-json\/wp\/v2\/types\/post"}],"author":[{"embeddable":true,"href":"https:\/\/noticiasveracruz.com\/index.php\/wp-json\/wp\/v2\/users\/4"}],"replies":[{"embeddable":true,"href":"https:\/\/noticiasveracruz.com\/index.php\/wp-json\/wp\/v2\/comments?post=42357"}],"version-history":[{"count":0,"href":"https:\/\/noticiasveracruz.com\/index.php\/wp-json\/wp\/v2\/posts\/42357\/revisions"}],"wp:featuredmedia":[{"embeddable":true,"href":"https:\/\/noticiasveracruz.com\/index.php\/wp-json\/wp\/v2\/media\/42358"}],"wp:attachment":[{"href":"https:\/\/noticiasveracruz.com\/index.php\/wp-json\/wp\/v2\/media?parent=42357"}],"wp:term":[{"taxonomy":"category","embeddable":true,"href":"https:\/\/noticiasveracruz.com\/index.php\/wp-json\/wp\/v2\/categories?post=42357"},{"taxonomy":"post_tag","embeddable":true,"href":"https:\/\/noticiasveracruz.com\/index.php\/wp-json\/wp\/v2\/tags?post=42357"}],"curies":[{"name":"wp","href":"https:\/\/api.w.org\/{rel}","templated":true}]}}