{"id":42351,"date":"2024-10-20T00:11:55","date_gmt":"2024-10-20T05:11:55","guid":{"rendered":"https:\/\/noticiasveracruz.com\/?p=42351"},"modified":"2024-10-19T23:49:13","modified_gmt":"2024-10-20T04:49:13","slug":"violencia-deja-perdidas-de-13-mil-mdp-en-sinaloa","status":"publish","type":"post","link":"https:\/\/noticiasveracruz.com\/index.php\/2024\/10\/20\/violencia-deja-perdidas-de-13-mil-mdp-en-sinaloa\/","title":{"rendered":"Violencia deja p\u00e9rdidas de 13 mil mdp en Sinaloa"},"content":{"rendered":"<div>\n<div id=\"content-body-225-12733809\">\n<p><span style=\"font-size: 14pt;\">El sector\u00a0comercial\u00a0de los municipios de\u00a0Culiac\u00e1n, Navolato y Elota, en Sinaloa,\u00a0ha reportado p\u00e9rdidas econ\u00f3micas por\u00a013 mil millones de pesos\u00a0debido al cierre de negocios y la baja en ventas\u00a0provocada\u00a0por la violencia e inseguridad que afecta la zona desde el\u00a09 de septiembre, se\u00f1alaron a\u00a0El Sol de Sinaloa\u00a0l\u00edderes\u00a0comerciales.<\/span><\/p>\n<p><span style=\"font-size: 14pt;\">\u00abLas afectaciones econ\u00f3micas en las primeras semanas ascend\u00edan a alrededor de 600 millones de pesos, pero con m\u00e1s de un mes de cierres, las p\u00e9rdidas ya suman 13 mil millones entre los municipios de Navolato, Elota y Culiac\u00e1n\u00bb,\u00a0afirm\u00f3\u00a0\u00d3scar S\u00e1nchez\u00a0Beltr\u00e1n, presidente de la\u00a0Uni\u00f3n de Locatarios del Centro de Culiac\u00e1n.<\/span><\/p>\n<\/div>\n<\/div>\n<div>\n<div id=\"dfp-nota-1x3s\" data-google-query-id=\"CN3Yp-qTnIkDFX6upgQdnw02UA\">\n<div id=\"google_ads_iframe_\/2000002\/la-prensa\/mexico_nota_1x3_0__container__\">\n<div id=\"inArticle_1\">\n<div>\n<div>\n<div>\n<div><span style=\"font-size: 14pt;\">S\u00e1nchez Beltr\u00e1n\u00a0explic\u00f3 que aproximadamente\u00a0120 negocios\u00a0han cerrado de forma definitiva o\u00a0provisional\u00a0en el centro de la ciudad debido a la violencia, que ya ha paralizado el\u00a0sector\u00a0econ\u00f3mico por m\u00e1s de\u00a040 d\u00edas.<\/span><\/div>\n<\/div>\n<\/div>\n<\/div>\n<\/div>\n<\/div>\n<\/div>\n<\/div>\n","protected":false},"excerpt":{"rendered":"<p>El sector\u00a0comercial\u00a0de los municipios de\u00a0Culiac\u00e1n, Navolato y Elota, en Sinaloa,\u00a0ha reportado p\u00e9rdidas econ\u00f3micas por\u00a013 mil millones de pesos\u00a0debido al cierre<\/p>\n","protected":false},"author":4,"featured_media":42352,"comment_status":"closed","ping_status":"closed","sticky":false,"template":"","format":"standard","meta":{"colormag_page_container_layout":"default_layout","colormag_page_sidebar_layout":"default_layout","_jetpack_memberships_contains_paid_content":false,"footnotes":"","jetpack_publicize_message":"","jetpack_publicize_feature_enabled":true,"jetpack_social_post_already_shared":true,"jetpack_social_options":{"image_generator_settings":{"template":"highway","default_image_id":0,"font":"","enabled":false},"version":2}},"categories":[4],"tags":[],"class_list":["post-42351","post","type-post","status-publish","format-standard","has-post-thumbnail","hentry","category-nacional"],"jetpack_publicize_connections":[],"jetpack_featured_media_url":"https:\/\/noticiasveracruz.com\/wp-content\/uploads\/2024\/10\/gn-vigila.jpg","jetpack_sharing_enabled":true,"publishpress_future_action":{"enabled":false,"date":"2026-05-10 06:47:42","action":"change-status","newStatus":"draft","terms":[],"taxonomy":"category","extraData":[]},"publishpress_future_workflow_manual_trigger":{"enabledWorkflows":[]},"_links":{"self":[{"href":"https:\/\/noticiasveracruz.com\/index.php\/wp-json\/wp\/v2\/posts\/42351","targetHints":{"allow":["GET"]}}],"collection":[{"href":"https:\/\/noticiasveracruz.com\/index.php\/wp-json\/wp\/v2\/posts"}],"about":[{"href":"https:\/\/noticiasveracruz.com\/index.php\/wp-json\/wp\/v2\/types\/post"}],"author":[{"embeddable":true,"href":"https:\/\/noticiasveracruz.com\/index.php\/wp-json\/wp\/v2\/users\/4"}],"replies":[{"embeddable":true,"href":"https:\/\/noticiasveracruz.com\/index.php\/wp-json\/wp\/v2\/comments?post=42351"}],"version-history":[{"count":0,"href":"https:\/\/noticiasveracruz.com\/index.php\/wp-json\/wp\/v2\/posts\/42351\/revisions"}],"wp:featuredmedia":[{"embeddable":true,"href":"https:\/\/noticiasveracruz.com\/index.php\/wp-json\/wp\/v2\/media\/42352"}],"wp:attachment":[{"href":"https:\/\/noticiasveracruz.com\/index.php\/wp-json\/wp\/v2\/media?parent=42351"}],"wp:term":[{"taxonomy":"category","embeddable":true,"href":"https:\/\/noticiasveracruz.com\/index.php\/wp-json\/wp\/v2\/categories?post=42351"},{"taxonomy":"post_tag","embeddable":true,"href":"https:\/\/noticiasveracruz.com\/index.php\/wp-json\/wp\/v2\/tags?post=42351"}],"curies":[{"name":"wp","href":"https:\/\/api.w.org\/{rel}","templated":true}]}}