{"id":42345,"date":"2024-10-20T00:09:46","date_gmt":"2024-10-20T05:09:46","guid":{"rendered":"https:\/\/noticiasveracruz.com\/?p=42345"},"modified":"2024-10-19T23:45:21","modified_gmt":"2024-10-20T04:45:21","slug":"periodico-el-debate-denuncia-el-secuestro-de-un-trabajador","status":"publish","type":"post","link":"https:\/\/noticiasveracruz.com\/index.php\/2024\/10\/20\/periodico-el-debate-denuncia-el-secuestro-de-un-trabajador\/","title":{"rendered":"Peri\u00f3dico El Debate denuncia el secuestro de un trabajador"},"content":{"rendered":"<div>\n<div id=\"content-body-225-12735231\">\n<p><span style=\"font-size: 14pt;\">Est\u00e1 ma\u00f1ana, el peri\u00f3dico\u00a0El Debate denunci\u00f3 el secuestro de uno de sus trabajadores. Sobre esto, la\u00a0Fiscal\u00eda General del Estado\u00a0ya se encuentra investigando el \u201clevant\u00f3n\u201d.<\/span><\/p>\n<p><span style=\"font-size: 14pt;\">Estos hechos ocurren apenas un d\u00eda despu\u00e9s de que sujetos armados le dispararon a las instalaciones del peri\u00f3dico ubicado en Culiac\u00e1n.<\/span><\/p>\n<\/div>\n<\/div>\n<div>\n<div id=\"dfp-nota-1x3s\" data-google-query-id=\"CO_otu2SnIkDFcfYGAIdEaIlbA\">\n<div id=\"google_ads_iframe_\/2000002\/la-prensa\/mexico_nota_1x3_0__container__\"><span style=\"font-size: 14pt;\">\u00abEsta ma\u00f1ana, alrededor de las 06:00 horas de Sinaloa, un trabajador del peri\u00f3dico El Debate de Culiac\u00e1n &#8211; qu\u00e9 se dedica al reparto de ejemplares impresos &#8211; fue privado de la libertad mientras era trasladado hacia su domicilio\u00bb, indic\u00f3 la casa editorial en una publicaci\u00f3n.<\/span><\/div>\n<\/div>\n<\/div>\n","protected":false},"excerpt":{"rendered":"<p>Est\u00e1 ma\u00f1ana, el peri\u00f3dico\u00a0El Debate denunci\u00f3 el secuestro de uno de sus trabajadores. Sobre esto, la\u00a0Fiscal\u00eda General del Estado\u00a0ya se<\/p>\n","protected":false},"author":4,"featured_media":42346,"comment_status":"closed","ping_status":"closed","sticky":false,"template":"","format":"standard","meta":{"colormag_page_container_layout":"default_layout","colormag_page_sidebar_layout":"default_layout","_jetpack_memberships_contains_paid_content":false,"footnotes":"","jetpack_publicize_message":"","jetpack_publicize_feature_enabled":true,"jetpack_social_post_already_shared":true,"jetpack_social_options":{"image_generator_settings":{"template":"highway","default_image_id":0,"font":"","enabled":false},"version":2}},"categories":[4],"tags":[],"class_list":["post-42345","post","type-post","status-publish","format-standard","has-post-thumbnail","hentry","category-nacional"],"jetpack_publicize_connections":[],"jetpack_featured_media_url":"https:\/\/noticiasveracruz.com\/wp-content\/uploads\/2024\/10\/ataque-el-debate.jpg","jetpack_sharing_enabled":true,"publishpress_future_action":{"enabled":false,"date":"2026-05-10 08:39:11","action":"change-status","newStatus":"draft","terms":[],"taxonomy":"category","extraData":[]},"publishpress_future_workflow_manual_trigger":{"enabledWorkflows":[]},"_links":{"self":[{"href":"https:\/\/noticiasveracruz.com\/index.php\/wp-json\/wp\/v2\/posts\/42345","targetHints":{"allow":["GET"]}}],"collection":[{"href":"https:\/\/noticiasveracruz.com\/index.php\/wp-json\/wp\/v2\/posts"}],"about":[{"href":"https:\/\/noticiasveracruz.com\/index.php\/wp-json\/wp\/v2\/types\/post"}],"author":[{"embeddable":true,"href":"https:\/\/noticiasveracruz.com\/index.php\/wp-json\/wp\/v2\/users\/4"}],"replies":[{"embeddable":true,"href":"https:\/\/noticiasveracruz.com\/index.php\/wp-json\/wp\/v2\/comments?post=42345"}],"version-history":[{"count":0,"href":"https:\/\/noticiasveracruz.com\/index.php\/wp-json\/wp\/v2\/posts\/42345\/revisions"}],"wp:featuredmedia":[{"embeddable":true,"href":"https:\/\/noticiasveracruz.com\/index.php\/wp-json\/wp\/v2\/media\/42346"}],"wp:attachment":[{"href":"https:\/\/noticiasveracruz.com\/index.php\/wp-json\/wp\/v2\/media?parent=42345"}],"wp:term":[{"taxonomy":"category","embeddable":true,"href":"https:\/\/noticiasveracruz.com\/index.php\/wp-json\/wp\/v2\/categories?post=42345"},{"taxonomy":"post_tag","embeddable":true,"href":"https:\/\/noticiasveracruz.com\/index.php\/wp-json\/wp\/v2\/tags?post=42345"}],"curies":[{"name":"wp","href":"https:\/\/api.w.org\/{rel}","templated":true}]}}