{"id":42279,"date":"2024-10-19T00:04:57","date_gmt":"2024-10-19T05:04:57","guid":{"rendered":"https:\/\/noticiasveracruz.com\/?p=42279"},"modified":"2024-10-18T21:10:08","modified_gmt":"2024-10-19T02:10:08","slug":"iniciativas-para-reactivar-el-turismo-en-acapulco-reuniones-clave-con-empresarios","status":"publish","type":"post","link":"https:\/\/noticiasveracruz.com\/index.php\/2024\/10\/19\/iniciativas-para-reactivar-el-turismo-en-acapulco-reuniones-clave-con-empresarios\/","title":{"rendered":"Iniciativas para reactivar el turismo en Acapulco: Reuniones clave con empresarios"},"content":{"rendered":"<p><span style=\"font-size: 14pt;\">El secretario de turismo, No\u00e9 Peralta, tiene la tarea de dar seguimiento a la reciente reuni\u00f3n con los directores y propietarios de las principales empresas tur\u00edsticas de Acapulco, instruido por la Presidenta Municipal, Dra. Abelina L\u00f3pez Rodr\u00edguez, en un esfuerzo por reactivar la econom\u00eda.<\/span><\/p>\n<p><span style=\"font-size: 14pt;\">La esperada temporada decembrina, en la que el puerto recibe a miles de visitantes, motiva este encuentro, cuyo objetivo es avanzar en la apertura de hoteles para garantizar la disponibilidad de habitaciones.<\/span><\/p>\n<p><span style=\"font-size: 14pt;\">Con el objetivo de fortalecer la reactivaci\u00f3n hotelera, No\u00e9 Peralta mantuvo un encuentro con Jorge Paoli D\u00edaz, quien es el CEO del Grupo Diestra, como parte de esta iniciativa.<\/span><\/p>\n<p><span style=\"font-size: 14pt;\">Para las familias acapulque\u00f1as, esta reactivaci\u00f3n no solo representa una fuente significativa de empleo, sino que tambi\u00e9n es vital para el turismo y genera una importante derrama econ\u00f3mica en la comunidad.<\/span><\/p>\n","protected":false},"excerpt":{"rendered":"<p>El secretario de turismo, No\u00e9 Peralta, tiene la tarea de dar seguimiento a la reciente reuni\u00f3n con los directores y<\/p>\n","protected":false},"author":4,"featured_media":42280,"comment_status":"closed","ping_status":"closed","sticky":false,"template":"","format":"standard","meta":{"colormag_page_container_layout":"default_layout","colormag_page_sidebar_layout":"default_layout","_jetpack_memberships_contains_paid_content":false,"footnotes":"","jetpack_publicize_message":"","jetpack_publicize_feature_enabled":true,"jetpack_social_post_already_shared":true,"jetpack_social_options":{"image_generator_settings":{"template":"highway","default_image_id":0,"font":"","enabled":false},"version":2}},"categories":[4],"tags":[],"class_list":["post-42279","post","type-post","status-publish","format-standard","has-post-thumbnail","hentry","category-nacional"],"jetpack_publicize_connections":[],"jetpack_featured_media_url":"https:\/\/noticiasveracruz.com\/wp-content\/uploads\/2024\/10\/Iniciativas-para-reactivar-el-turismo-en-Acapulco_-Reuniones-clave-con-empresarios.jpg","jetpack_sharing_enabled":true,"publishpress_future_action":{"enabled":false,"date":"2026-05-10 10:52:48","action":"change-status","newStatus":"draft","terms":[],"taxonomy":"category","extraData":[]},"publishpress_future_workflow_manual_trigger":{"enabledWorkflows":[]},"_links":{"self":[{"href":"https:\/\/noticiasveracruz.com\/index.php\/wp-json\/wp\/v2\/posts\/42279","targetHints":{"allow":["GET"]}}],"collection":[{"href":"https:\/\/noticiasveracruz.com\/index.php\/wp-json\/wp\/v2\/posts"}],"about":[{"href":"https:\/\/noticiasveracruz.com\/index.php\/wp-json\/wp\/v2\/types\/post"}],"author":[{"embeddable":true,"href":"https:\/\/noticiasveracruz.com\/index.php\/wp-json\/wp\/v2\/users\/4"}],"replies":[{"embeddable":true,"href":"https:\/\/noticiasveracruz.com\/index.php\/wp-json\/wp\/v2\/comments?post=42279"}],"version-history":[{"count":0,"href":"https:\/\/noticiasveracruz.com\/index.php\/wp-json\/wp\/v2\/posts\/42279\/revisions"}],"wp:featuredmedia":[{"embeddable":true,"href":"https:\/\/noticiasveracruz.com\/index.php\/wp-json\/wp\/v2\/media\/42280"}],"wp:attachment":[{"href":"https:\/\/noticiasveracruz.com\/index.php\/wp-json\/wp\/v2\/media?parent=42279"}],"wp:term":[{"taxonomy":"category","embeddable":true,"href":"https:\/\/noticiasveracruz.com\/index.php\/wp-json\/wp\/v2\/categories?post=42279"},{"taxonomy":"post_tag","embeddable":true,"href":"https:\/\/noticiasveracruz.com\/index.php\/wp-json\/wp\/v2\/tags?post=42279"}],"curies":[{"name":"wp","href":"https:\/\/api.w.org\/{rel}","templated":true}]}}