{"id":42177,"date":"2024-10-17T16:37:31","date_gmt":"2024-10-17T21:37:31","guid":{"rendered":"https:\/\/noticiasveracruz.com\/?p=42177"},"modified":"2024-10-17T16:37:31","modified_gmt":"2024-10-17T21:37:31","slug":"concierto-de-gala-de-la-orquesta-sinfonica-de-xalapa-en-poza-rica","status":"publish","type":"post","link":"https:\/\/noticiasveracruz.com\/index.php\/2024\/10\/17\/concierto-de-gala-de-la-orquesta-sinfonica-de-xalapa-en-poza-rica\/","title":{"rendered":"Concierto de Gala de la Orquesta Sinf\u00f3nica de Xalapa en Poza Rica"},"content":{"rendered":"<ul>\n<li><span style=\"font-size: 14pt;\">Vicerrector\u00eda UV Poza Rica-Tuxpan y Fundaci\u00f3n UV celebran 80\u00b0 Aniversario UV<\/span><\/li>\n<li><span style=\"font-size: 14pt;\">Obras de Bizet, M\u00e1rquez, Dukas, Mozart y Dvo\u0159\u00e1k; bajo la batuta de Martin Lebel<\/span><\/li>\n<\/ul>\n<p><span style=\"font-size: 14pt;\">La Orquesta Sinf\u00f3nica de Xalapa de la Universidad Veracruzana regresa a la Regi\u00f3n UV Poza Rica-Tuxpan tras 12 a\u00f1os desde su \u00faltima presentaci\u00f3n, con motivo de conmemorar el 80\u00b0 Aniversario de nuestra m\u00e1xima casa de estudios, la Universidad Veracruzana. <\/span><br \/>\n<span style=\"font-size: 14pt;\">Gracias a la invitaci\u00f3n y colaboraci\u00f3n por parte de la Vicerrector\u00eda UV Poza Rica-Tuxpan, encabezada por la Vicerrectora Dra. Liliana Cuervo L\u00f3pez, se presentar\u00e1 por primera vez desde el Teatro Social de la Secci\u00f3n 30, y para disfrute del p\u00fablico de la regi\u00f3n, con un programa que incluye: la Sinfon\u00eda n.\u00b0 36 \u201cLinz\u201d de Mozart, \u201cEl Aprendiz de Brujo\u201d de Paul Dukas, \u201cDanz\u00f3n n.\u00b0 2\u201d de Arturo M\u00e1rquez, Obertura \u201cCarnaval\u201d de Anton\u00edn Dvo\u0159\u00e1k, y fragmentos de \u201cL\u2019arl\u00e9sienne\u201d de Georges Bizet. Bajo la direcci\u00f3n de Martin Lebel, director titular.<\/span><\/p>\n<p><span style=\"font-size: 14pt;\">Este concierto de gala se realizar\u00e1 el mi\u00e9rcoles 23 de octubre a las 20:00 hrs.<\/span><\/p>\n<p><span style=\"font-size: 14pt;\">La Orquesta Sinf\u00f3nica de Xalapa siendo la orquesta activa m\u00e1s antigua del pa\u00eds celebra tambi\u00e9n su 95\u00b0 aniversario con esta presentaci\u00f3n \u00fanica. Con un programa para toda la comunidad universitaria y p\u00fablico general.<\/span><\/p>\n<p><span style=\"font-size: 14pt;\">Parte del tr\u00edptico de Dvo\u0159\u00e1k de 1892 \u00abNaturaleza, vida y amor\u00bb, \u201cCarnaval\u201d es una obertura con gran estruendo, alegr\u00eda e hilaridad. Disfruta de dos obras de gran valor nacional como lo son \u201cMosaico mexicano\u201d (1999) de Arturo Rodr\u00edguez; y la obra inspirada en los salones de baile veracruzanos, hecha por el gran Arturo M\u00e1rquez: el \u201cDanz\u00f3n n.\u00b0 2\u201d. Adem\u00e1s, el cl\u00e1sico literario, \u201cL\u2019Arlesienne\u201d, creado por Alphonse Daudet, llevado a la producci\u00f3n musical del gran Georges Bizet.<\/span><br \/>\n<span style=\"font-size: 14pt;\">Inspirado en la magia y un aprendiz que cree estar listo para ser maestro pero tiene mucho que aprender, estar\u00e1 presente una de las obras m\u00e1s populares gracias a la animaci\u00f3n \u201cFantas\u00eda\u201d de Disney: \u201cEl Aprendiz de Brujo\u201d de Paul Dukas.<\/span><\/p>\n<p><span style=\"font-size: 14pt;\">La \u201cSinfon\u00eda n.\u00ba 36 Linz\u201d fue compuesta en 1783 cuando Mozart visit\u00f3 la ciudad austriaca del mismo nombre, qued\u00e1ndose tres semanas con el conde Thun-Hohenstein, quien lo invit\u00f3 a dar un concierto en el teatro local. El compositor escribi\u00f3 la sinfon\u00eda en pocos d\u00edas, termin\u00e1ndola en la noche previa a su estreno.<\/span><\/p>\n<p>&nbsp;<\/p>\n","protected":false},"excerpt":{"rendered":"<p>Vicerrector\u00eda UV Poza Rica-Tuxpan y Fundaci\u00f3n UV celebran 80\u00b0 Aniversario UV Obras de Bizet, M\u00e1rquez, Dukas, Mozart y Dvo\u0159\u00e1k; bajo<\/p>\n","protected":false},"author":4,"featured_media":42178,"comment_status":"closed","ping_status":"closed","sticky":false,"template":"","format":"standard","meta":{"colormag_page_container_layout":"default_layout","colormag_page_sidebar_layout":"default_layout","_jetpack_memberships_contains_paid_content":false,"footnotes":"","jetpack_publicize_message":"","jetpack_publicize_feature_enabled":true,"jetpack_social_post_already_shared":true,"jetpack_social_options":{"image_generator_settings":{"template":"highway","default_image_id":0,"font":"","enabled":false},"version":2}},"categories":[358,356],"tags":[],"class_list":["post-42177","post","type-post","status-publish","format-standard","has-post-thumbnail","hentry","category-cultura","category-veracruz"],"jetpack_publicize_connections":[],"jetpack_featured_media_url":"https:\/\/noticiasveracruz.com\/wp-content\/uploads\/2024\/10\/FOTO-OSX-6-scaled.jpg","jetpack_sharing_enabled":true,"publishpress_future_action":{"enabled":false,"date":"2026-05-07 23:58:12","action":"change-status","newStatus":"draft","terms":[],"taxonomy":"category","extraData":[]},"publishpress_future_workflow_manual_trigger":{"enabledWorkflows":[]},"_links":{"self":[{"href":"https:\/\/noticiasveracruz.com\/index.php\/wp-json\/wp\/v2\/posts\/42177","targetHints":{"allow":["GET"]}}],"collection":[{"href":"https:\/\/noticiasveracruz.com\/index.php\/wp-json\/wp\/v2\/posts"}],"about":[{"href":"https:\/\/noticiasveracruz.com\/index.php\/wp-json\/wp\/v2\/types\/post"}],"author":[{"embeddable":true,"href":"https:\/\/noticiasveracruz.com\/index.php\/wp-json\/wp\/v2\/users\/4"}],"replies":[{"embeddable":true,"href":"https:\/\/noticiasveracruz.com\/index.php\/wp-json\/wp\/v2\/comments?post=42177"}],"version-history":[{"count":0,"href":"https:\/\/noticiasveracruz.com\/index.php\/wp-json\/wp\/v2\/posts\/42177\/revisions"}],"wp:featuredmedia":[{"embeddable":true,"href":"https:\/\/noticiasveracruz.com\/index.php\/wp-json\/wp\/v2\/media\/42178"}],"wp:attachment":[{"href":"https:\/\/noticiasveracruz.com\/index.php\/wp-json\/wp\/v2\/media?parent=42177"}],"wp:term":[{"taxonomy":"category","embeddable":true,"href":"https:\/\/noticiasveracruz.com\/index.php\/wp-json\/wp\/v2\/categories?post=42177"},{"taxonomy":"post_tag","embeddable":true,"href":"https:\/\/noticiasveracruz.com\/index.php\/wp-json\/wp\/v2\/tags?post=42177"}],"curies":[{"name":"wp","href":"https:\/\/api.w.org\/{rel}","templated":true}]}}