{"id":42169,"date":"2024-10-17T11:09:28","date_gmt":"2024-10-17T16:09:28","guid":{"rendered":"https:\/\/noticiasveracruz.com\/?p=42169"},"modified":"2024-10-17T11:09:28","modified_gmt":"2024-10-17T16:09:28","slug":"alcalde-y-cabildo-de-tuxpan-entregan-a-deportistas-y-a-la-ciudadania-la-primera-etapa-de-rehabilitacion-de-la-unidad-deportiva","status":"publish","type":"post","link":"https:\/\/noticiasveracruz.com\/index.php\/2024\/10\/17\/alcalde-y-cabildo-de-tuxpan-entregan-a-deportistas-y-a-la-ciudadania-la-primera-etapa-de-rehabilitacion-de-la-unidad-deportiva\/","title":{"rendered":"Alcalde y Cabildo de Tuxpan entregan a deportistas y a la ciudadan\u00eda, la primera etapa de rehabilitaci\u00f3n de la Unidad Deportiva"},"content":{"rendered":"<p><span style=\"font-size: 14pt;\"><strong>\u2022 Se reafirm\u00f3 el compromiso de terminar el \u00e1rea de albercas en una segunda etapa<\/strong><\/span><\/p>\n<p><span style=\"font-size: 14pt;\">Acompa\u00f1ado de los integrantes del cabildo, deportistas y p\u00fablico en general, el presidente municipal Lic. Jos\u00e9 Manuel Pozos Castro entreg\u00f3 la primera etapa de rehabilitaci\u00f3n de la Unidad Deportiva \u201cEnrique Valdez Constantino\u201d.<\/span><\/p>\n<p><span style=\"font-size: 14pt;\">Desde esta noche las ni\u00f1as, ni\u00f1os, adolescentes y j\u00f3venes ya disfrutan de las canchas de voleibol de playa, f\u00fatbol y f\u00fatbol 7, tenis, pickleball, voleibol, b\u00e1squetbol, \u00e1rea de box techada y otras instalaciones complementarias.<\/span><\/p>\n<p><span style=\"font-size: 14pt;\">Estuvieron presentes en la inauguraci\u00f3n las regidoras y los regidores Amado Guti\u00e9rrez Lima, Mar\u00eda del Pilar Mart\u00ednez Matesanz, Maryanela Monroy Flores, Anah\u00ed Aguilar L\u00f3pez, Lucero Res\u00e9ndis Ambrocio, Luis Demetrio L\u00f3pez Mar\u00edn y Axel Bernal Herrera; la presidenta del DIF Tuxpan, Lic. Pamela Morales Huesca, y el director de la Comisi\u00f3n Municipal del Deporte (COMUDE), Manuel Cortina Mart\u00ednez.<\/span><\/p>\n<p><span style=\"font-size: 14pt;\">En dicha obra se invirtieron 14 millones 330 mil pesos provenientes de recursos propios, resultado del buen manejo de las finanzas p\u00fablicas del Ayuntamiento.<\/span><\/p>\n<p><span style=\"font-size: 14pt;\">\u201cCuando se hace un buen manejo de las finanzas se puede lograr este tipo de obras que sin duda habr\u00e1n de servir a los deportistas, no solo del municipio, sino los que vendr\u00e1n de diferentes partes de la rep\u00fablica a participar en las diversas disciplinas\u201d, se\u00f1al\u00f3 Pozos Castro.<\/span><\/p>\n<p><span style=\"font-size: 14pt;\">El Presidente Municipal destac\u00f3 que, con mucho orgullo, se pueden presumir estas instalaciones deportivas dignas, modernas y funcionales, para que Tuxpan siga siendo tierra de campeones. \u201cSon unas de las mejores del estado\u201d, reiter\u00f3.<\/span><\/p>\n<p><span style=\"font-size: 14pt;\">Tambi\u00e9n reafirm\u00f3 su compromiso y el de todo el cabildo de terminar el \u00e1rea de albercas, que ser\u00e1 uno de los primeros proyectos, porque ha quedado autorizado.<\/span><\/p>\n<p><span style=\"font-size: 14pt;\">Precis\u00f3 que debido a los graves da\u00f1os estructurales que presenta la fosa de clavados, como resultado del abandono a lo largo de varias d\u00e9cadas, se requerir\u00e1n obras especializadas que se llevar\u00e1n a cabo en una segunda etapa.<\/span><\/p>\n<p><span style=\"font-size: 14pt;\">Pozos Castro invit\u00f3 a la ciudadan\u00eda, principalmente a las y los j\u00f3venes, a que vayan y hagan uso de todas las canchas que ya est\u00e1n a su disposici\u00f3n, para que puedan seguir practicando el deporte que m\u00e1s les guste.<\/span><\/p>\n<p><span style=\"font-size: 14pt;\">Luego del corte de list\u00f3n, todos los presentes dieron un recorrido por las canchas, verificando -con gusto- el excelente estado en el que se encuentran ahora, as\u00ed como la iluminaci\u00f3n que les servir\u00e1 para ejercitarse cuando ya no hay luz del sol.<\/span><\/p>\n<p><span style=\"font-size: 14pt;\">Las autoridades hicieron entrega de trofeos a los finalistas de la Liga Infantil y Juvenil Premier Municipal, los equipos Huastecos y Petr\u00f3polis.<\/span><\/p>\n<p><span style=\"font-size: 14pt;\">A la inauguraci\u00f3n tambi\u00e9n asistieron directores y coordinadores de las diferentes \u00e1reas del ayuntamiento, el destacado boxeador Juan \u00c1ngel Hern\u00e1ndez Res\u00e9ndiz y estudiantes.<\/span><\/p>\n","protected":false},"excerpt":{"rendered":"<p>\u2022 Se reafirm\u00f3 el compromiso de terminar el \u00e1rea de albercas en una segunda etapa Acompa\u00f1ado de los integrantes del<\/p>\n","protected":false},"author":4,"featured_media":42170,"comment_status":"closed","ping_status":"closed","sticky":false,"template":"","format":"standard","meta":{"colormag_page_container_layout":"default_layout","colormag_page_sidebar_layout":"default_layout","_jetpack_memberships_contains_paid_content":false,"footnotes":"","jetpack_publicize_message":"","jetpack_publicize_feature_enabled":true,"jetpack_social_post_already_shared":true,"jetpack_social_options":{"image_generator_settings":{"template":"highway","default_image_id":0,"font":"","enabled":false},"version":2}},"categories":[3372,356],"tags":[],"class_list":["post-42169","post","type-post","status-publish","format-standard","has-post-thumbnail","hentry","category-gobierno-tuxpan","category-veracruz"],"jetpack_publicize_connections":[],"jetpack_featured_media_url":"https:\/\/noticiasveracruz.com\/wp-content\/uploads\/2024\/10\/53235c0e-701a-4641-bb10-dea3e64796fe.jpg","jetpack_sharing_enabled":true,"publishpress_future_action":{"enabled":false,"date":"2026-05-10 03:44:23","action":"change-status","newStatus":"draft","terms":[],"taxonomy":"category","extraData":[]},"publishpress_future_workflow_manual_trigger":{"enabledWorkflows":[]},"_links":{"self":[{"href":"https:\/\/noticiasveracruz.com\/index.php\/wp-json\/wp\/v2\/posts\/42169","targetHints":{"allow":["GET"]}}],"collection":[{"href":"https:\/\/noticiasveracruz.com\/index.php\/wp-json\/wp\/v2\/posts"}],"about":[{"href":"https:\/\/noticiasveracruz.com\/index.php\/wp-json\/wp\/v2\/types\/post"}],"author":[{"embeddable":true,"href":"https:\/\/noticiasveracruz.com\/index.php\/wp-json\/wp\/v2\/users\/4"}],"replies":[{"embeddable":true,"href":"https:\/\/noticiasveracruz.com\/index.php\/wp-json\/wp\/v2\/comments?post=42169"}],"version-history":[{"count":0,"href":"https:\/\/noticiasveracruz.com\/index.php\/wp-json\/wp\/v2\/posts\/42169\/revisions"}],"wp:featuredmedia":[{"embeddable":true,"href":"https:\/\/noticiasveracruz.com\/index.php\/wp-json\/wp\/v2\/media\/42170"}],"wp:attachment":[{"href":"https:\/\/noticiasveracruz.com\/index.php\/wp-json\/wp\/v2\/media?parent=42169"}],"wp:term":[{"taxonomy":"category","embeddable":true,"href":"https:\/\/noticiasveracruz.com\/index.php\/wp-json\/wp\/v2\/categories?post=42169"},{"taxonomy":"post_tag","embeddable":true,"href":"https:\/\/noticiasveracruz.com\/index.php\/wp-json\/wp\/v2\/tags?post=42169"}],"curies":[{"name":"wp","href":"https:\/\/api.w.org\/{rel}","templated":true}]}}