{"id":42162,"date":"2024-10-17T00:21:13","date_gmt":"2024-10-17T05:21:13","guid":{"rendered":"https:\/\/noticiasveracruz.com\/?p=42162"},"modified":"2024-10-17T00:21:13","modified_gmt":"2024-10-17T05:21:13","slug":"retorica-racista-de-trump-motiva-el-voto-latino-para-kamala-harris","status":"publish","type":"post","link":"https:\/\/noticiasveracruz.com\/index.php\/2024\/10\/17\/retorica-racista-de-trump-motiva-el-voto-latino-para-kamala-harris\/","title":{"rendered":"Ret\u00f3rica racista de Trump motiva el voto latino para Kamala Harris"},"content":{"rendered":"<p><span style=\"font-size: 14pt;\">El\u00a0voto latino para las elecciones de Estados Unidos ha tomado tintes protag\u00f3nicos, tanto para la campa\u00f1a dem\u00f3crata como para la republicana, sin embargo, expertos coinciden que la preferencia de\u00a0la comunidad latina se inclinar\u00e1 finalmente para la candidata Kamala Harris, gracias a la ret\u00f3rica racista del\u00a0expresidente Donald Trump.<\/span><\/p>\n<p><span style=\"font-size: 14pt;\">Para el vicepresidente de la\u00a0Liga de Ciudadanos Latinoamericanos Unidos\u00a0(LULAC, en ingl\u00e9s), Ray Mancera, la carrera presidencial ha tomado tintes trascendentales debido al mensaje agraviante del candidato republicano\u00a0Donald Trump, quien\u00a0ha denigrado en la mayor\u00eda de sus m\u00edtines a la comunidad latina\u00a0y sobre todo a los migrantes.<\/span><\/p>\n","protected":false},"excerpt":{"rendered":"<p>El\u00a0voto latino para las elecciones de Estados Unidos ha tomado tintes protag\u00f3nicos, tanto para la campa\u00f1a dem\u00f3crata como para la<\/p>\n","protected":false},"author":4,"featured_media":42163,"comment_status":"closed","ping_status":"closed","sticky":false,"template":"","format":"standard","meta":{"colormag_page_container_layout":"default_layout","colormag_page_sidebar_layout":"default_layout","_jetpack_memberships_contains_paid_content":false,"footnotes":"","jetpack_publicize_message":"","jetpack_publicize_feature_enabled":true,"jetpack_social_post_already_shared":true,"jetpack_social_options":{"image_generator_settings":{"template":"highway","default_image_id":0,"font":"","enabled":false},"version":2}},"categories":[355],"tags":[],"class_list":["post-42162","post","type-post","status-publish","format-standard","has-post-thumbnail","hentry","category-internacional"],"jetpack_publicize_connections":[],"jetpack_featured_media_url":"https:\/\/noticiasveracruz.com\/wp-content\/uploads\/2024\/10\/donald-trump-contra-migrantes-_-Reuters.png","jetpack_sharing_enabled":true,"publishpress_future_action":{"enabled":false,"date":"2026-05-10 05:11:17","action":"change-status","newStatus":"draft","terms":[],"taxonomy":"category","extraData":[]},"publishpress_future_workflow_manual_trigger":{"enabledWorkflows":[]},"_links":{"self":[{"href":"https:\/\/noticiasveracruz.com\/index.php\/wp-json\/wp\/v2\/posts\/42162","targetHints":{"allow":["GET"]}}],"collection":[{"href":"https:\/\/noticiasveracruz.com\/index.php\/wp-json\/wp\/v2\/posts"}],"about":[{"href":"https:\/\/noticiasveracruz.com\/index.php\/wp-json\/wp\/v2\/types\/post"}],"author":[{"embeddable":true,"href":"https:\/\/noticiasveracruz.com\/index.php\/wp-json\/wp\/v2\/users\/4"}],"replies":[{"embeddable":true,"href":"https:\/\/noticiasveracruz.com\/index.php\/wp-json\/wp\/v2\/comments?post=42162"}],"version-history":[{"count":0,"href":"https:\/\/noticiasveracruz.com\/index.php\/wp-json\/wp\/v2\/posts\/42162\/revisions"}],"wp:featuredmedia":[{"embeddable":true,"href":"https:\/\/noticiasveracruz.com\/index.php\/wp-json\/wp\/v2\/media\/42163"}],"wp:attachment":[{"href":"https:\/\/noticiasveracruz.com\/index.php\/wp-json\/wp\/v2\/media?parent=42162"}],"wp:term":[{"taxonomy":"category","embeddable":true,"href":"https:\/\/noticiasveracruz.com\/index.php\/wp-json\/wp\/v2\/categories?post=42162"},{"taxonomy":"post_tag","embeddable":true,"href":"https:\/\/noticiasveracruz.com\/index.php\/wp-json\/wp\/v2\/tags?post=42162"}],"curies":[{"name":"wp","href":"https:\/\/api.w.org\/{rel}","templated":true}]}}