{"id":42147,"date":"2024-10-17T00:12:37","date_gmt":"2024-10-17T05:12:37","guid":{"rendered":"https:\/\/noticiasveracruz.com\/?p=42147"},"modified":"2024-10-17T00:12:37","modified_gmt":"2024-10-17T05:12:37","slug":"xxxvi-convencion-internacional-de-mineria-en-acapulco-dejara-hasta-11-millones-de-dolares-en-derrama","status":"publish","type":"post","link":"https:\/\/noticiasveracruz.com\/index.php\/2024\/10\/17\/xxxvi-convencion-internacional-de-mineria-en-acapulco-dejara-hasta-11-millones-de-dolares-en-derrama\/","title":{"rendered":"XXXVI Convenci\u00f3n Internacional de Miner\u00eda en Acapulco dejar\u00e1 hasta 11 millones de d\u00f3lares en derrama"},"content":{"rendered":"<p><span style=\"font-size: 14pt;\">Acapulco se prepara para recibir la XXXVI Convenci\u00f3n Internacional de Miner\u00eda del 18 al 21 de noviembre de 2025, durante el lanzamiento, se anunci\u00f3 que dejar\u00e1 una derrama econ\u00f3mica estimada\u00a0entre 10 a 11 millones de d\u00f3lares, de acuerdo con la Asociaci\u00f3n de Ingenieros de Minas, Metalurgistas y Ge\u00f3logos de M\u00e9xico (AIMMGM).<\/span><\/p>\n<p><span style=\"font-size: 14pt;\">La actividad minera en Guerrero genera m\u00e1s de\u00a04,000 empleos directos\u00a0y m\u00e1s de 17,000 indirectos, \u201cen exportaciones, atracci\u00f3n de inversi\u00f3n nacional y extranjera, y la incorporaci\u00f3n de proveedores locales, la miner\u00eda representa una importante cadena de valor\u00bb agreg\u00f3 la secretaria de Desarrollo Econ\u00f3mico de Guerrero, Teodora Ram\u00edrez Vega.<\/span><\/p>\n","protected":false},"excerpt":{"rendered":"<p>Acapulco se prepara para recibir la XXXVI Convenci\u00f3n Internacional de Miner\u00eda del 18 al 21 de noviembre de 2025, durante<\/p>\n","protected":false},"author":4,"featured_media":42148,"comment_status":"closed","ping_status":"closed","sticky":false,"template":"","format":"standard","meta":{"colormag_page_container_layout":"default_layout","colormag_page_sidebar_layout":"default_layout","_jetpack_memberships_contains_paid_content":false,"footnotes":"","jetpack_publicize_message":"","jetpack_publicize_feature_enabled":true,"jetpack_social_post_already_shared":true,"jetpack_social_options":{"image_generator_settings":{"template":"highway","default_image_id":0,"font":"","enabled":false},"version":2}},"categories":[145],"tags":[],"class_list":["post-42147","post","type-post","status-publish","format-standard","has-post-thumbnail","hentry","category-estados"],"jetpack_publicize_connections":[],"jetpack_featured_media_url":"https:\/\/noticiasveracruz.com\/wp-content\/uploads\/2024\/10\/66e47f12eb50a.jpeg","jetpack_sharing_enabled":true,"publishpress_future_action":{"enabled":false,"date":"2026-05-10 09:39:43","action":"change-status","newStatus":"draft","terms":[],"taxonomy":"category","extraData":[]},"publishpress_future_workflow_manual_trigger":{"enabledWorkflows":[]},"_links":{"self":[{"href":"https:\/\/noticiasveracruz.com\/index.php\/wp-json\/wp\/v2\/posts\/42147","targetHints":{"allow":["GET"]}}],"collection":[{"href":"https:\/\/noticiasveracruz.com\/index.php\/wp-json\/wp\/v2\/posts"}],"about":[{"href":"https:\/\/noticiasveracruz.com\/index.php\/wp-json\/wp\/v2\/types\/post"}],"author":[{"embeddable":true,"href":"https:\/\/noticiasveracruz.com\/index.php\/wp-json\/wp\/v2\/users\/4"}],"replies":[{"embeddable":true,"href":"https:\/\/noticiasveracruz.com\/index.php\/wp-json\/wp\/v2\/comments?post=42147"}],"version-history":[{"count":0,"href":"https:\/\/noticiasveracruz.com\/index.php\/wp-json\/wp\/v2\/posts\/42147\/revisions"}],"wp:featuredmedia":[{"embeddable":true,"href":"https:\/\/noticiasveracruz.com\/index.php\/wp-json\/wp\/v2\/media\/42148"}],"wp:attachment":[{"href":"https:\/\/noticiasveracruz.com\/index.php\/wp-json\/wp\/v2\/media?parent=42147"}],"wp:term":[{"taxonomy":"category","embeddable":true,"href":"https:\/\/noticiasveracruz.com\/index.php\/wp-json\/wp\/v2\/categories?post=42147"},{"taxonomy":"post_tag","embeddable":true,"href":"https:\/\/noticiasveracruz.com\/index.php\/wp-json\/wp\/v2\/tags?post=42147"}],"curies":[{"name":"wp","href":"https:\/\/api.w.org\/{rel}","templated":true}]}}