{"id":42136,"date":"2024-10-17T00:01:25","date_gmt":"2024-10-17T05:01:25","guid":{"rendered":"https:\/\/noticiasveracruz.com\/?p=42136"},"modified":"2024-10-17T00:01:25","modified_gmt":"2024-10-17T05:01:25","slug":"gabriel-yorio-llega-al-bid-sera-vicepresidente-de-finanzas-y-administracion","status":"publish","type":"post","link":"https:\/\/noticiasveracruz.com\/index.php\/2024\/10\/17\/gabriel-yorio-llega-al-bid-sera-vicepresidente-de-finanzas-y-administracion\/","title":{"rendered":"Gabriel Yorio llega al BID; ser\u00e1 vicepresidente de Finanzas y Administraci\u00f3n"},"content":{"rendered":"<p><span style=\"font-size: 14pt;\">Gabriel Yorio Gonz\u00e1lez, ex subsecretario de Hacienda y Cr\u00e9dito P\u00fablico (SHCP) llega al\u00a0Banco Interamericano de Desarrollo\u00a0(BID) como vicepresidente de Finanzas y Administraci\u00f3n, luego de\u00a0renunciar a su cargo en Hacienda\u00a0al finalizar el sexenio de Andr\u00e9s Manuel L\u00f3pez Obrador.\u00a0\u00a0<\/span><\/p>\n<p><span style=\"font-size: 14pt;\">De acuerdo con el comunicado del BID, el\u00a0exfuncionario hacendario\u00a0empezar\u00e1 sus funciones en el organismo internacional desde el\u00a0pr\u00f3ximo 16 de noviembre.<\/span><\/p>\n<p><span style=\"font-size: 14pt;\">\u00abEl Directorio Ejecutivo del BID aprob\u00f3 hoy el nombramiento de Yorio Gonz\u00e1lez, quien ser\u00e1 responsable de movilizar y administrar los recursos financieros del banco y brindar servicios de apoyo, y asegurar el desempe\u00f1o efectivo y eficiente del personal en las \u00e1reas de presupuesto, financiamiento, adquisiciones corporativas y servicios administrativos del BID\u00bb, expres\u00f3 el organismo.<\/span><\/p>\n<p><span style=\"font-size: 14pt;\">Yorio Gonz\u00e1lez hab\u00eda sido anunciado por la presidenta Claudia Sheinbaum como uno de los funcionarios que\u00a0repetir\u00eda su cargo\u00a0en Hacienda durante su gobierno; sin embargo, d\u00edas antes de empezar el sexenio se inform\u00f3 que el exfuncionario renunciar\u00eda.<\/span><\/p>\n","protected":false},"excerpt":{"rendered":"<p>Gabriel Yorio Gonz\u00e1lez, ex subsecretario de Hacienda y Cr\u00e9dito P\u00fablico (SHCP) llega al\u00a0Banco Interamericano de Desarrollo\u00a0(BID) como vicepresidente de Finanzas<\/p>\n","protected":false},"author":4,"featured_media":42137,"comment_status":"closed","ping_status":"closed","sticky":false,"template":"","format":"standard","meta":{"colormag_page_container_layout":"default_layout","colormag_page_sidebar_layout":"default_layout","_jetpack_memberships_contains_paid_content":false,"footnotes":"","jetpack_publicize_message":"","jetpack_publicize_feature_enabled":true,"jetpack_social_post_already_shared":true,"jetpack_social_options":{"image_generator_settings":{"template":"highway","default_image_id":0,"font":"","enabled":false},"version":2}},"categories":[1947],"tags":[],"class_list":["post-42136","post","type-post","status-publish","format-standard","has-post-thumbnail","hentry","category-economia"],"jetpack_publicize_connections":[],"jetpack_featured_media_url":"https:\/\/noticiasveracruz.com\/wp-content\/uploads\/2024\/10\/66e8952e500c6.r_d.934-334-4196.jpeg","jetpack_sharing_enabled":true,"publishpress_future_action":{"enabled":false,"date":"2026-05-10 07:38:49","action":"change-status","newStatus":"draft","terms":[],"taxonomy":"category","extraData":[]},"publishpress_future_workflow_manual_trigger":{"enabledWorkflows":[]},"_links":{"self":[{"href":"https:\/\/noticiasveracruz.com\/index.php\/wp-json\/wp\/v2\/posts\/42136","targetHints":{"allow":["GET"]}}],"collection":[{"href":"https:\/\/noticiasveracruz.com\/index.php\/wp-json\/wp\/v2\/posts"}],"about":[{"href":"https:\/\/noticiasveracruz.com\/index.php\/wp-json\/wp\/v2\/types\/post"}],"author":[{"embeddable":true,"href":"https:\/\/noticiasveracruz.com\/index.php\/wp-json\/wp\/v2\/users\/4"}],"replies":[{"embeddable":true,"href":"https:\/\/noticiasveracruz.com\/index.php\/wp-json\/wp\/v2\/comments?post=42136"}],"version-history":[{"count":0,"href":"https:\/\/noticiasveracruz.com\/index.php\/wp-json\/wp\/v2\/posts\/42136\/revisions"}],"wp:featuredmedia":[{"embeddable":true,"href":"https:\/\/noticiasveracruz.com\/index.php\/wp-json\/wp\/v2\/media\/42137"}],"wp:attachment":[{"href":"https:\/\/noticiasveracruz.com\/index.php\/wp-json\/wp\/v2\/media?parent=42136"}],"wp:term":[{"taxonomy":"category","embeddable":true,"href":"https:\/\/noticiasveracruz.com\/index.php\/wp-json\/wp\/v2\/categories?post=42136"},{"taxonomy":"post_tag","embeddable":true,"href":"https:\/\/noticiasveracruz.com\/index.php\/wp-json\/wp\/v2\/tags?post=42136"}],"curies":[{"name":"wp","href":"https:\/\/api.w.org\/{rel}","templated":true}]}}