{"id":42099,"date":"2024-10-16T13:33:12","date_gmt":"2024-10-16T18:33:12","guid":{"rendered":"https:\/\/noticiasveracruz.com\/?p=42099"},"modified":"2024-10-16T13:33:12","modified_gmt":"2024-10-16T18:33:12","slug":"transito-fluido-en-el-puente-tuxpan","status":"publish","type":"post","link":"https:\/\/noticiasveracruz.com\/index.php\/2024\/10\/16\/transito-fluido-en-el-puente-tuxpan\/","title":{"rendered":"\u00a1Tr\u00e1nsito Fluido en el Puente Tuxpan!"},"content":{"rendered":"<div style=\"width: 800px;\" class=\"wp-video\"><video class=\"wp-video-shortcode\" id=\"video-42099-1\" width=\"800\" height=\"450\" preload=\"metadata\" controls=\"controls\"><source type=\"video\/mp4\" src=\"http:\/\/noticiasveracruz.com\/wp-content\/uploads\/2024\/10\/WhatsApp-Video-2024-10-16-at-11.45.27.mp4?_=1\" \/><a href=\"http:\/\/noticiasveracruz.com\/wp-content\/uploads\/2024\/10\/WhatsApp-Video-2024-10-16-at-11.45.27.mp4\">http:\/\/noticiasveracruz.com\/wp-content\/uploads\/2024\/10\/WhatsApp-Video-2024-10-16-at-11.45.27.mp4<\/a><\/video><\/div>\n<p><span style=\"font-size: 14pt;\">La Secretar\u00eda de Seguridad P\u00fablica Municipal inform\u00f3 que no hay cierre del Puente Tuxpan, solo se present\u00f3 tr\u00e1nsito lento de manera moment\u00e1nea.<\/span><\/p>\n<p><span style=\"font-size: 14pt;\">La presencia policiaca en uno de los accesos obedece a un filtro de Control Preventivo Provisional, por lo que se pide a la poblaci\u00f3n no alarmarse.<\/span><\/p>\n<p><span style=\"font-size: 14pt;\">En estos momentos el tr\u00e1nsito ha recobrado su fluidez en ambos sentidos.<\/span><\/p>\n","protected":false},"excerpt":{"rendered":"<p>La Secretar\u00eda de Seguridad P\u00fablica Municipal inform\u00f3 que no hay cierre del Puente Tuxpan, solo se present\u00f3 tr\u00e1nsito lento de<\/p>\n","protected":false},"author":4,"featured_media":42102,"comment_status":"closed","ping_status":"closed","sticky":false,"template":"","format":"standard","meta":{"colormag_page_container_layout":"default_layout","colormag_page_sidebar_layout":"default_layout","_jetpack_memberships_contains_paid_content":false,"footnotes":"","jetpack_publicize_message":"","jetpack_publicize_feature_enabled":true,"jetpack_social_post_already_shared":true,"jetpack_social_options":{"image_generator_settings":{"template":"highway","default_image_id":0,"font":"","enabled":false},"version":2}},"categories":[3372,356],"tags":[],"class_list":["post-42099","post","type-post","status-publish","format-standard","has-post-thumbnail","hentry","category-gobierno-tuxpan","category-veracruz"],"jetpack_publicize_connections":[],"jetpack_featured_media_url":"https:\/\/noticiasveracruz.com\/wp-content\/uploads\/2024\/10\/450155_4x-1.jpg","jetpack_sharing_enabled":true,"publishpress_future_action":{"enabled":false,"date":"2026-05-10 02:30:54","action":"change-status","newStatus":"draft","terms":[],"taxonomy":"category","extraData":[]},"publishpress_future_workflow_manual_trigger":{"enabledWorkflows":[]},"_links":{"self":[{"href":"https:\/\/noticiasveracruz.com\/index.php\/wp-json\/wp\/v2\/posts\/42099","targetHints":{"allow":["GET"]}}],"collection":[{"href":"https:\/\/noticiasveracruz.com\/index.php\/wp-json\/wp\/v2\/posts"}],"about":[{"href":"https:\/\/noticiasveracruz.com\/index.php\/wp-json\/wp\/v2\/types\/post"}],"author":[{"embeddable":true,"href":"https:\/\/noticiasveracruz.com\/index.php\/wp-json\/wp\/v2\/users\/4"}],"replies":[{"embeddable":true,"href":"https:\/\/noticiasveracruz.com\/index.php\/wp-json\/wp\/v2\/comments?post=42099"}],"version-history":[{"count":0,"href":"https:\/\/noticiasveracruz.com\/index.php\/wp-json\/wp\/v2\/posts\/42099\/revisions"}],"wp:featuredmedia":[{"embeddable":true,"href":"https:\/\/noticiasveracruz.com\/index.php\/wp-json\/wp\/v2\/media\/42102"}],"wp:attachment":[{"href":"https:\/\/noticiasveracruz.com\/index.php\/wp-json\/wp\/v2\/media?parent=42099"}],"wp:term":[{"taxonomy":"category","embeddable":true,"href":"https:\/\/noticiasveracruz.com\/index.php\/wp-json\/wp\/v2\/categories?post=42099"},{"taxonomy":"post_tag","embeddable":true,"href":"https:\/\/noticiasveracruz.com\/index.php\/wp-json\/wp\/v2\/tags?post=42099"}],"curies":[{"name":"wp","href":"https:\/\/api.w.org\/{rel}","templated":true}]}}