{"id":4207,"date":"2022-05-11T17:26:59","date_gmt":"2022-05-11T22:26:59","guid":{"rendered":"https:\/\/noticiasveracruz.com\/?p=4207"},"modified":"2022-05-11T17:26:59","modified_gmt":"2022-05-11T22:26:59","slug":"gobierno-garantiza-seguridad-en-aifa","status":"publish","type":"post","link":"https:\/\/noticiasveracruz.com\/index.php\/2022\/05\/11\/gobierno-garantiza-seguridad-en-aifa\/","title":{"rendered":"Gobierno garantiza seguridad en AIFA"},"content":{"rendered":"<p class=\"p1\"><span style=\"font-size: 14pt;\"><em><strong>Ciudad de M\u00e9xico.<\/strong> <\/em>El presidente <strong>Andr\u00e9s Manuel L\u00f3pez Obrador<\/strong> sostuvo que el <strong>Gobierno de M\u00e9xico procura la seguridad de los usuarios<\/strong> de los aeropuertos Internacional Felipe \u00c1ngeles (AIFA) y de la Ciudad de M\u00e9xico (AICM).<\/span><\/p>\n<p>&nbsp;<\/p>\n<p class=\"p1\"><span style=\"font-size: 18pt;\"><strong>\u201cNosotros lo que vamos a estar siempre procurando es que haya seguridad para la gente y que las cosas funcionen bien sin ning\u00fan problema\u201d, subray\u00f3.<\/strong><\/span><\/p>\n<p>&nbsp;<\/p>\n<p class=\"p1\"><span style=\"font-size: 14pt;\">Inform\u00f3 que las secretar\u00edas de Infraestructura, Comunicaciones y Transportes y la de Relaciones Exteriores trabajan en la <strong>recuperaci\u00f3n de la categor\u00eda 1 de seguridad a\u00e9rea<\/strong> en todo el pa\u00eds. <\/span><span style=\"font-size: 14pt;\">Adem\u00e1s, se contempla <strong>facilitar la obtenci\u00f3n de permisos en los procesos de creaci\u00f3n de nuevas l\u00edneas a\u00e9reas serias.<\/strong><\/span><\/p>\n<p>&nbsp;<\/p>\n<p><img loading=\"lazy\" decoding=\"async\" class=\"aligncenter wp-image-5141 size-large\" src=\"https:\/\/politicosaldesnudo.com.mx\/wp-content\/uploads\/2022\/05\/P-AIFA3-1024x573.png\" alt=\"\" width=\"800\" height=\"448\" \/><\/p>\n<p>&nbsp;<\/p>\n<p>&nbsp;<\/p>\n<p><span style=\"font-size: 18pt;\"><strong>SEGOB DESMIENTE \u00abDECRETO\u00bb<\/strong><\/span><\/p>\n<p class=\"p1\"><span style=\"font-size: 14pt;\">Por su parte, el secretario de Gobernaci\u00f3n, Ad\u00e1n Augusto L\u00f3pez Hern\u00e1ndez, aclar\u00f3 que desde la federaci\u00f3n <strong>no se emiti\u00f3 un decreto para limitar los vuelos desde el Aeropuerto Internacional de la Ciudad de M\u00e9xico.<\/strong><\/span><\/p>\n<p>&nbsp;<\/p>\n<p class=\"p1\"><strong><span style=\"font-size: 18pt;\">\u201cEse decreto nunca existi\u00f3; lo que s\u00ed hubo fue un entendimiento entre autoridades y las empresas que operan en el aeropuerto\u201d, apunt\u00f3.<\/span><\/strong><\/p>\n<p>&nbsp;<\/p>\n<p class=\"p1\"><span style=\"font-size: 14pt;\">Destac\u00f3 el acuerdo alcanzado entre las secretar\u00edas de la Defensa Nacional, de Marina y de Infraestructura, Comunicaciones y Transportes,<strong> as\u00ed como aerol\u00edneas para migrar en tres meses los vuelos de carga dom\u00e9stica y charters al AIFA.<\/strong><\/span><\/p>\n<blockquote>\n<p class=\"p1\"><span style=\"font-size: 14pt;\">\u201cEn este periodo se est\u00e1 terminando la adaptaci\u00f3n de las \u00e1reas de aduana, de bodega y distribuci\u00f3n. Antes de que termine el a\u00f1o, todos los vuelos de carga (\u2026) estar\u00e1n operando en el Aeropuerto Internacional Felipe \u00c1ngeles\u201d, detall\u00f3.<\/span><\/p>\n<p>&nbsp;<\/p><\/blockquote>\n<p class=\"p1\"><strong><span style=\"font-size: 18pt;\">Aumentar\u00e1 el n\u00famero de operaciones hacia y desde el AIFA. En el caso de Aerom\u00e9xico incrementar\u00e1 10 frecuencias en agosto y 20 m\u00e1s en septiembre, precis\u00f3 el secretario.<\/span><\/strong><\/p>\n<p>&nbsp;<\/p>\n<p class=\"p1\"><strong><span style=\"font-size: 14pt;\">Indic\u00f3 que dejar\u00e1n de volar desde el AICM todas aquellas aerol\u00edneas que tengan adeudos por arrendamiento, tarifas de uso de aeropuerto y otros conceptos.<\/span><\/strong><\/p>\n<p class=\"p1\"><span style=\"font-size: 14pt;\">Se convino con las autoridades aeroportuarias y empresas que no se tolerar\u00e1 ning\u00fan vuelo no programado o permitido.<\/span><\/p>\n<blockquote>\n<p class=\"p1\"><span style=\"font-size: 14pt;\">Se van a respetar \u00fanica y exclusivamente las frecuencias tal y como est\u00e1n convenidas hasta el verano de 2022. Ya no habr\u00e1 aterrizajes y despegues de vuelos no permitidos o no programados\u201d, enfatiz\u00f3 el titular de la Segob.<\/span><\/p>\n<\/blockquote>\n<p class=\"p1\"><span style=\"font-size: 14pt;\">El presidente L\u00f3pez Obrador resalt\u00f3 que el Aeropuerto Internacional Felipe \u00c1ngeles es una de las obras m\u00e1s importantes de los \u00faltimos tiempos, construida en tiempo r\u00e9cord y financiada con presupuesto p\u00fablico.<\/span><\/p>\n<blockquote>\n<p class=\"p1\"><span style=\"font-size: 14pt;\">Se hizo un aeropuerto en dos a\u00f1os y medio; cost\u00f3 la mitad de lo que ten\u00edan programado y eso pagando 100 mil millones de pesos a las empresas que no se les qued\u00f3 a deber un centavo; nos ahorramos 125 mil millones de pesos\u201d, asever\u00f3.<\/span><\/p>\n<\/blockquote>\n<p>&nbsp;<\/p>\n<p><img loading=\"lazy\" decoding=\"async\" class=\"aligncenter wp-image-5140 size-large\" src=\"https:\/\/politicosaldesnudo.com.mx\/wp-content\/uploads\/2022\/05\/P-AIFA2-1024x573.png\" alt=\"\" width=\"800\" height=\"448\" \/><\/p>\n<p>&nbsp;<\/p>\n<p>&nbsp;<\/p>\n<p><span style=\"font-size: 18pt;\"><strong>MUDAN OPERACIONES<\/strong><\/span><\/p>\n<p class=\"p1\"><span style=\"font-size: 14pt;\">De acuerdo con el subsecretario de Transportes, Rogelio Jim\u00e9nez Pons, revel\u00f3\u00a0 que las aerol\u00edneas mexicanas cedieron y llegaron a un acuerdo con el Gobierno federal para la migraci\u00f3n de 204 operaciones diarias desde el Aeropuerto Internacional de la Ciudad de M\u00e9xico (AICM) al Aeropuerto de Santa Luc\u00eda.<\/span><\/p>\n<p class=\"p1\"><strong><span style=\"font-size: 14pt;\">El anuncio se da un d\u00eda despu\u00e9s de que el presidente Andr\u00e9s Manuel L\u00f3pez Obrador anunci\u00f3 que Aerom\u00e9xico ampliar\u00e1 su n\u00famero de vuelos desde el AIFA para finales del 2022.<\/span><\/strong><\/p>\n<p>&nbsp;<\/p>\n<p><strong><span style=\"font-size: 14pt;\">As\u00ed ser\u00e1n los cambios:\u00a0<\/span><\/strong><\/p>\n<p>&nbsp;<\/p>\n<ul>\n<li class=\"p1\"><strong><span style=\"font-size: 14pt;\">\u00a0Aerom\u00e9xico mover\u00e1 entre 30 rutas-60 operaciones al AIFA.<\/span><\/strong><\/li>\n<li class=\"p1\"><strong><span style=\"font-size: 14pt;\">\u00a0Volaris acept\u00f3 trasladar 20 rutas-40 operaciones.<\/span><\/strong><\/li>\n<li class=\"p1\"><strong><span style=\"font-size: 14pt;\">\u00a0Viva Aerobus acord\u00f3 enviar 10 rutas m\u00e1s desde el AIFA<\/span><\/strong><\/li>\n<\/ul>\n<p>&nbsp;<\/p>\n<p>&nbsp;<\/p>\n","protected":false},"excerpt":{"rendered":"<p>Ciudad de M\u00e9xico. El presidente Andr\u00e9s Manuel L\u00f3pez Obrador sostuvo que el Gobierno de M\u00e9xico procura la seguridad de los<\/p>\n","protected":false},"author":4,"featured_media":4208,"comment_status":"closed","ping_status":"closed","sticky":false,"template":"","format":"standard","meta":{"colormag_page_container_layout":"default_layout","colormag_page_sidebar_layout":"default_layout","_jetpack_memberships_contains_paid_content":false,"footnotes":"","jetpack_publicize_message":"","jetpack_publicize_feature_enabled":true,"jetpack_social_post_already_shared":false,"jetpack_social_options":{"image_generator_settings":{"template":"highway","default_image_id":0,"font":"","enabled":false},"version":2}},"categories":[4],"tags":[662,65,188],"class_list":["post-4207","post","type-post","status-publish","format-standard","has-post-thumbnail","hentry","category-nacional","tag-aifa","tag-andres-manuel-lopez-obrador","tag-vuelos"],"jetpack_publicize_connections":[],"jetpack_featured_media_url":"https:\/\/noticiasveracruz.com\/wp-content\/uploads\/2022\/05\/P-AIFA1.png","jetpack_sharing_enabled":true,"publishpress_future_action":{"enabled":false,"date":"2026-05-08 10:25:44","action":"change-status","newStatus":"draft","terms":[],"taxonomy":"category","extraData":[]},"publishpress_future_workflow_manual_trigger":{"enabledWorkflows":[]},"_links":{"self":[{"href":"https:\/\/noticiasveracruz.com\/index.php\/wp-json\/wp\/v2\/posts\/4207","targetHints":{"allow":["GET"]}}],"collection":[{"href":"https:\/\/noticiasveracruz.com\/index.php\/wp-json\/wp\/v2\/posts"}],"about":[{"href":"https:\/\/noticiasveracruz.com\/index.php\/wp-json\/wp\/v2\/types\/post"}],"author":[{"embeddable":true,"href":"https:\/\/noticiasveracruz.com\/index.php\/wp-json\/wp\/v2\/users\/4"}],"replies":[{"embeddable":true,"href":"https:\/\/noticiasveracruz.com\/index.php\/wp-json\/wp\/v2\/comments?post=4207"}],"version-history":[{"count":0,"href":"https:\/\/noticiasveracruz.com\/index.php\/wp-json\/wp\/v2\/posts\/4207\/revisions"}],"wp:featuredmedia":[{"embeddable":true,"href":"https:\/\/noticiasveracruz.com\/index.php\/wp-json\/wp\/v2\/media\/4208"}],"wp:attachment":[{"href":"https:\/\/noticiasveracruz.com\/index.php\/wp-json\/wp\/v2\/media?parent=4207"}],"wp:term":[{"taxonomy":"category","embeddable":true,"href":"https:\/\/noticiasveracruz.com\/index.php\/wp-json\/wp\/v2\/categories?post=4207"},{"taxonomy":"post_tag","embeddable":true,"href":"https:\/\/noticiasveracruz.com\/index.php\/wp-json\/wp\/v2\/tags?post=4207"}],"curies":[{"name":"wp","href":"https:\/\/api.w.org\/{rel}","templated":true}]}}