{"id":42008,"date":"2024-10-15T00:03:04","date_gmt":"2024-10-15T05:03:04","guid":{"rendered":"https:\/\/noticiasveracruz.com\/?p=42008"},"modified":"2024-10-14T23:32:58","modified_gmt":"2024-10-15T04:32:58","slug":"jornada-multidisciplinaria-seguira-en-2025","status":"publish","type":"post","link":"https:\/\/noticiasveracruz.com\/index.php\/2024\/10\/15\/jornada-multidisciplinaria-seguira-en-2025\/","title":{"rendered":"Jornada Multidisciplinaria Seguir\u00e1 en 2025"},"content":{"rendered":"<p><span style=\"font-size: 14pt;\">La Jornada Multidisciplinaria, liderada por la sindicatura del municipio bajo la direcci\u00f3n de Beatriz Pi\u00f1a Vergara, continuar\u00e1 sin interrupciones durante diciembre, excepto en escuelas debido a las vacaciones.<\/span><\/p>\n<p><span style=\"font-size: 14pt;\">Esta iniciativa ha beneficiado a cientos de familias en \u00e1reas como salud, talleres, cortes de cabello, estudios de vista y adaptaci\u00f3n de lentes a bajo costo.<\/span><\/p>\n<p><span style=\"font-size: 14pt;\">Las actividades se llevan a cabo los jueves de 9 de la ma\u00f1ana a 3 de la tarde en los pasillos de la presidencia municipal y en comunidades.<\/span><\/p>\n<p><span style=\"font-size: 14pt;\">Con m\u00e1s de dos a\u00f1os de trayectoria, se planea continuar en 2025, ya que la demanda ciudadana sigue siendo alta.<\/span><\/p>\n<p><span style=\"font-size: 14pt;\">La organizadora destac\u00f3 que la jornada no se detiene en ning\u00fan momento en la planta baja del Palacio Municipal ni en las comunidades.<\/span><\/p>\n<p><span style=\"font-size: 14pt;\">La continua demanda de servicios y beneficios por parte de la ciudadan\u00eda asegura la continuidad de esta valiosa iniciativa.<\/span><\/p>\n<p><span style=\"font-size: 14pt;\">Para obtener m\u00e1s informaci\u00f3n sobre la Jornada Multidisciplinaria y sus beneficios, se recomienda a la poblaci\u00f3n acudir a la oficina de la sindicatura en la planta alta de presidencia en el \u00e1rea de regidur\u00edas.<\/span><\/p>\n","protected":false},"excerpt":{"rendered":"<p>La Jornada Multidisciplinaria, liderada por la sindicatura del municipio bajo la direcci\u00f3n de Beatriz Pi\u00f1a Vergara, continuar\u00e1 sin interrupciones durante<\/p>\n","protected":false},"author":4,"featured_media":42009,"comment_status":"closed","ping_status":"closed","sticky":false,"template":"","format":"standard","meta":{"colormag_page_container_layout":"default_layout","colormag_page_sidebar_layout":"default_layout","_jetpack_memberships_contains_paid_content":false,"footnotes":"","jetpack_publicize_message":"","jetpack_publicize_feature_enabled":true,"jetpack_social_post_already_shared":true,"jetpack_social_options":{"image_generator_settings":{"template":"highway","default_image_id":0,"font":"","enabled":false},"version":2}},"categories":[356],"tags":[],"class_list":["post-42008","post","type-post","status-publish","format-standard","has-post-thumbnail","hentry","category-veracruz"],"jetpack_publicize_connections":[],"jetpack_featured_media_url":"https:\/\/noticiasveracruz.com\/wp-content\/uploads\/2024\/10\/5c.jpg","jetpack_sharing_enabled":true,"publishpress_future_action":{"enabled":false,"date":"2026-05-10 06:38:57","action":"change-status","newStatus":"draft","terms":[],"taxonomy":"category","extraData":[]},"publishpress_future_workflow_manual_trigger":{"enabledWorkflows":[]},"_links":{"self":[{"href":"https:\/\/noticiasveracruz.com\/index.php\/wp-json\/wp\/v2\/posts\/42008","targetHints":{"allow":["GET"]}}],"collection":[{"href":"https:\/\/noticiasveracruz.com\/index.php\/wp-json\/wp\/v2\/posts"}],"about":[{"href":"https:\/\/noticiasveracruz.com\/index.php\/wp-json\/wp\/v2\/types\/post"}],"author":[{"embeddable":true,"href":"https:\/\/noticiasveracruz.com\/index.php\/wp-json\/wp\/v2\/users\/4"}],"replies":[{"embeddable":true,"href":"https:\/\/noticiasveracruz.com\/index.php\/wp-json\/wp\/v2\/comments?post=42008"}],"version-history":[{"count":0,"href":"https:\/\/noticiasveracruz.com\/index.php\/wp-json\/wp\/v2\/posts\/42008\/revisions"}],"wp:featuredmedia":[{"embeddable":true,"href":"https:\/\/noticiasveracruz.com\/index.php\/wp-json\/wp\/v2\/media\/42009"}],"wp:attachment":[{"href":"https:\/\/noticiasveracruz.com\/index.php\/wp-json\/wp\/v2\/media?parent=42008"}],"wp:term":[{"taxonomy":"category","embeddable":true,"href":"https:\/\/noticiasveracruz.com\/index.php\/wp-json\/wp\/v2\/categories?post=42008"},{"taxonomy":"post_tag","embeddable":true,"href":"https:\/\/noticiasveracruz.com\/index.php\/wp-json\/wp\/v2\/tags?post=42008"}],"curies":[{"name":"wp","href":"https:\/\/api.w.org\/{rel}","templated":true}]}}