{"id":41995,"date":"2024-10-14T14:39:51","date_gmt":"2024-10-14T19:39:51","guid":{"rendered":"https:\/\/noticiasveracruz.com\/?p=41995"},"modified":"2024-10-14T14:39:51","modified_gmt":"2024-10-14T19:39:51","slug":"realizan-lunes-civico-por-el-dia-mundial-de-la-alimentacion","status":"publish","type":"post","link":"https:\/\/noticiasveracruz.com\/index.php\/2024\/10\/14\/realizan-lunes-civico-por-el-dia-mundial-de-la-alimentacion\/","title":{"rendered":"Realizan Lunes C\u00edvico por el D\u00eda Mundial de la Alimentaci\u00f3n"},"content":{"rendered":"<p><img loading=\"lazy\" decoding=\"async\" class=\"size-medium wp-image-41996 aligncenter\" src=\"http:\/\/noticiasveracruz.com\/wp-content\/uploads\/2024\/10\/e41c81c4-49be-4320-8e74-40ffa923c9c9-300x200.jpg\" alt=\"\" width=\"300\" height=\"200\" srcset=\"https:\/\/noticiasveracruz.com\/wp-content\/uploads\/2024\/10\/e41c81c4-49be-4320-8e74-40ffa923c9c9-300x200.jpg 300w, https:\/\/noticiasveracruz.com\/wp-content\/uploads\/2024\/10\/e41c81c4-49be-4320-8e74-40ffa923c9c9-1024x681.jpg 1024w, https:\/\/noticiasveracruz.com\/wp-content\/uploads\/2024\/10\/e41c81c4-49be-4320-8e74-40ffa923c9c9-768x511.jpg 768w, https:\/\/noticiasveracruz.com\/wp-content\/uploads\/2024\/10\/e41c81c4-49be-4320-8e74-40ffa923c9c9-1536x1021.jpg 1536w, https:\/\/noticiasveracruz.com\/wp-content\/uploads\/2024\/10\/e41c81c4-49be-4320-8e74-40ffa923c9c9.jpg 1600w\" sizes=\"auto, (max-width: 300px) 100vw, 300px\" \/><\/p>\n<p><span style=\"font-size: 14pt;\">El gobierno municipal llev\u00f3 a cabo el Lunes C\u00edvico en el marco del D\u00eda Mundial de la Alimentaci\u00f3n, que se celebra el pr\u00f3ximo 16 de octubre.<\/span><\/p>\n<p><span style=\"font-size: 14pt;\">Esta fecha tiene como prop\u00f3sito crear conciencia en la poblaci\u00f3n acerca del problema alimentario en el mundo, y fortalecer la solidaridad en la lucha contra el hambre, la desnutrici\u00f3n y la pobreza.<\/span><\/p>\n<p><span style=\"font-size: 14pt;\">Durante el evento, la Secretar\u00eda de la Defensa Nacional (SEDENA) present\u00f3 la exposici\u00f3n fotogr\u00e1fica denominada \u201cLa gran fuerza de M\u00e9xico, siempre por ti, siempre por M\u00e9xico\u201d.<\/span><\/p>\n<p><span style=\"font-size: 14pt;\">Encabezaron el acto el Prof. Jorge Arturo Garc\u00eda Robles, director de Educaci\u00f3n, en representaci\u00f3n del alcalde Jos\u00e9 Manuel Pozos Castro; el regidor comisionado en el \u00e1rea, Prof. Luis Demetrio L\u00f3pez Mar\u00edn y la regidora Maryanela Monroy Flores.<\/span><\/p>\n<p><span style=\"font-size: 14pt;\">El capit\u00e1n segundo de Sanidad, Edgar Le\u00f3n Nicol\u00e1s \u00c1ngeles; el Prof. On\u00e9simo P\u00e9rez Ramos, delegado regional de la SEV en Tuxpan; y el Prof. Rub\u00e9n Islas P\u00e9rez, director de la Universidad del Golfo de M\u00e9xico Tuxpan.<\/span><\/p>\n<p><span style=\"font-size: 14pt;\">Participaron alumnas, alumnos y personal docente de secundaria de la Universidad del Golfo Campus Tuxpan, quienes dirigieron el juramento a la bandera, expusieron las efem\u00e9rides de esta semana y una reflexi\u00f3n referente al D\u00eda Mundial de la Alimentaci\u00f3n.<\/span><\/p>\n<p><span style=\"font-size: 14pt;\">Tambi\u00e9n estuvieron presentes padres de familia de las y los estudiantes; la banda de guerra del 39\u00ba Batall\u00f3n de Infanter\u00eda; elementos de la Secretar\u00eda de Marina Armada de M\u00e9xico, Protecci\u00f3n Civil y Bomberos.<\/span><\/p>\n","protected":false},"excerpt":{"rendered":"<p>El gobierno municipal llev\u00f3 a cabo el Lunes C\u00edvico en el marco del D\u00eda Mundial de la Alimentaci\u00f3n, que se<\/p>\n","protected":false},"author":4,"featured_media":41997,"comment_status":"closed","ping_status":"closed","sticky":false,"template":"","format":"standard","meta":{"colormag_page_container_layout":"default_layout","colormag_page_sidebar_layout":"default_layout","_jetpack_memberships_contains_paid_content":false,"footnotes":"","jetpack_publicize_message":"","jetpack_publicize_feature_enabled":true,"jetpack_social_post_already_shared":true,"jetpack_social_options":{"image_generator_settings":{"template":"highway","default_image_id":0,"font":"","enabled":false},"version":2}},"categories":[3372,356],"tags":[],"class_list":["post-41995","post","type-post","status-publish","format-standard","has-post-thumbnail","hentry","category-gobierno-tuxpan","category-veracruz"],"jetpack_publicize_connections":[],"jetpack_featured_media_url":"https:\/\/noticiasveracruz.com\/wp-content\/uploads\/2024\/10\/f553f39b-f4af-477f-bda4-f3962a492899.jpg","jetpack_sharing_enabled":true,"publishpress_future_action":{"enabled":false,"date":"2026-05-10 06:34:00","action":"change-status","newStatus":"draft","terms":[],"taxonomy":"category","extraData":[]},"publishpress_future_workflow_manual_trigger":{"enabledWorkflows":[]},"_links":{"self":[{"href":"https:\/\/noticiasveracruz.com\/index.php\/wp-json\/wp\/v2\/posts\/41995","targetHints":{"allow":["GET"]}}],"collection":[{"href":"https:\/\/noticiasveracruz.com\/index.php\/wp-json\/wp\/v2\/posts"}],"about":[{"href":"https:\/\/noticiasveracruz.com\/index.php\/wp-json\/wp\/v2\/types\/post"}],"author":[{"embeddable":true,"href":"https:\/\/noticiasveracruz.com\/index.php\/wp-json\/wp\/v2\/users\/4"}],"replies":[{"embeddable":true,"href":"https:\/\/noticiasveracruz.com\/index.php\/wp-json\/wp\/v2\/comments?post=41995"}],"version-history":[{"count":0,"href":"https:\/\/noticiasveracruz.com\/index.php\/wp-json\/wp\/v2\/posts\/41995\/revisions"}],"wp:featuredmedia":[{"embeddable":true,"href":"https:\/\/noticiasveracruz.com\/index.php\/wp-json\/wp\/v2\/media\/41997"}],"wp:attachment":[{"href":"https:\/\/noticiasveracruz.com\/index.php\/wp-json\/wp\/v2\/media?parent=41995"}],"wp:term":[{"taxonomy":"category","embeddable":true,"href":"https:\/\/noticiasveracruz.com\/index.php\/wp-json\/wp\/v2\/categories?post=41995"},{"taxonomy":"post_tag","embeddable":true,"href":"https:\/\/noticiasveracruz.com\/index.php\/wp-json\/wp\/v2\/tags?post=41995"}],"curies":[{"name":"wp","href":"https:\/\/api.w.org\/{rel}","templated":true}]}}