{"id":41607,"date":"2024-10-08T00:09:49","date_gmt":"2024-10-08T05:09:49","guid":{"rendered":"https:\/\/noticiasveracruz.com\/?p=41607"},"modified":"2024-10-07T23:46:14","modified_gmt":"2024-10-08T04:46:14","slug":"tamaulipas-ha-invertido-13000-millones-de-pesos-en-los-ultimos-dos-anos","status":"publish","type":"post","link":"https:\/\/noticiasveracruz.com\/index.php\/2024\/10\/08\/tamaulipas-ha-invertido-13000-millones-de-pesos-en-los-ultimos-dos-anos\/","title":{"rendered":"Tamaulipas ha invertido 13,000 millones de pesos en los \u00faltimos dos a\u00f1os"},"content":{"rendered":"<p><span style=\"font-size: 14pt;\">El\u00a0gobierno de Tamaulipas, a cargo de\u00a0Am\u00e9rico Villarreal Anaya, ha invertido, en dos a\u00f1os de su administraci\u00f3n, 13,000 millones de pesos en obras p\u00fablicas en la entidad.<\/span><\/p>\n<p><span style=\"font-size: 14pt;\">En el marco del\u00a0evento denominado \u201cDos a\u00f1os de memorias de una transformaci\u00f3n\u201d, el secretario de Obras P\u00fablicas, Pedro Cepeda Anaya, inform\u00f3 que, del 1 de octubre del 2023 a septiembre del 2024, se ha ejercido este\u00a0presupuesto en obras nuevas\u00a0y en el rescate de trabajos de administraciones anteriores, adem\u00e1s de destinar m\u00e1s de 1,000 millones de pesos en infraestructura educativa.<\/span><\/p>\n<p><span style=\"font-size: 14pt;\">\u201cHemos rescatado trabajos inconclusos, adem\u00e1s de obras nuevas en diferentes rubros, como caminos rurales, carreteras estatales, entre ellas la Mante-Ocampo-Tula, infraestructura educativa y hospitalaria, con el\u00a0rescate del Hospital de Ciudad Madero, el cual entregaremos concluido en el 2025\u201d, inform\u00f3 el funcionario.<\/span><\/p>\n<p><span style=\"font-size: 14pt;\">Para finalizar, Cepeda Anaya agreg\u00f3 que, en el 2023, hubo proyectos de obra p\u00fablica para los 43 municipios del estado y destac\u00f3 que el objetivo para este 2024 es repetir ese logro.<\/span><\/p>\n","protected":false},"excerpt":{"rendered":"<p>El\u00a0gobierno de Tamaulipas, a cargo de\u00a0Am\u00e9rico Villarreal Anaya, ha invertido, en dos a\u00f1os de su administraci\u00f3n, 13,000 millones de pesos en obras p\u00fablicas en la entidad. En el marco del\u00a0evento denominado \u201cDos a\u00f1os de memorias de una transformaci\u00f3n\u201d, el secretario de Obras P\u00fablicas, Pedro Cepeda Anaya, inform\u00f3 que, del 1 de octubre del 2023 a [&hellip;]<\/p>\n","protected":false},"author":4,"featured_media":41608,"comment_status":"closed","ping_status":"closed","sticky":false,"template":"","format":"standard","meta":{"_jetpack_newsletter_access":"","_jetpack_dont_email_post_to_subs":false,"_jetpack_newsletter_tier_id":0,"_jetpack_memberships_contains_paywalled_content":false,"_jetpack_feature_clip_id":0,"_jetpack_memberships_contains_paid_content":false,"footnotes":"","jetpack_publicize_message":"","jetpack_publicize_feature_enabled":true,"jetpack_social_post_already_shared":true,"jetpack_social_options":{"image_generator_settings":{"template":"highway","default_image_id":0,"font":"","enabled":false},"version":2},"jetpack_post_was_ever_published":false},"categories":[145],"tags":[],"class_list":["post-41607","post","type-post","status-publish","format-standard","has-post-thumbnail","hentry","category-estados"],"jetpack_publicize_connections":[],"jetpack_sharing_enabled":true,"publishpress_future_action":{"enabled":false,"date":"2026-09-10 05:55:17","action":"change-status","newStatus":"draft","terms":[],"taxonomy":"category","extraData":[]},"publishpress_future_workflow_manual_trigger":{"enabledWorkflows":[]},"jetpack_featured_media_url":"https:\/\/noticiasveracruz.com\/wp-content\/uploads\/2024\/10\/6704897a769c5.jpeg","_links":{"self":[{"href":"https:\/\/noticiasveracruz.com\/index.php\/wp-json\/wp\/v2\/posts\/41607","targetHints":{"allow":["GET"]}}],"collection":[{"href":"https:\/\/noticiasveracruz.com\/index.php\/wp-json\/wp\/v2\/posts"}],"about":[{"href":"https:\/\/noticiasveracruz.com\/index.php\/wp-json\/wp\/v2\/types\/post"}],"author":[{"embeddable":true,"href":"https:\/\/noticiasveracruz.com\/index.php\/wp-json\/wp\/v2\/users\/4"}],"replies":[{"embeddable":true,"href":"https:\/\/noticiasveracruz.com\/index.php\/wp-json\/wp\/v2\/comments?post=41607"}],"version-history":[{"count":0,"href":"https:\/\/noticiasveracruz.com\/index.php\/wp-json\/wp\/v2\/posts\/41607\/revisions"}],"wp:featuredmedia":[{"embeddable":true,"href":"https:\/\/noticiasveracruz.com\/index.php\/wp-json\/wp\/v2\/media\/41608"}],"wp:attachment":[{"href":"https:\/\/noticiasveracruz.com\/index.php\/wp-json\/wp\/v2\/media?parent=41607"}],"wp:term":[{"taxonomy":"category","embeddable":true,"href":"https:\/\/noticiasveracruz.com\/index.php\/wp-json\/wp\/v2\/categories?post=41607"},{"taxonomy":"post_tag","embeddable":true,"href":"https:\/\/noticiasveracruz.com\/index.php\/wp-json\/wp\/v2\/tags?post=41607"}],"curies":[{"name":"wp","href":"https:\/\/api.w.org\/{rel}","templated":true}]}}