{"id":41575,"date":"2024-10-07T10:46:58","date_gmt":"2024-10-07T15:46:58","guid":{"rendered":"https:\/\/noticiasveracruz.com\/?p=41575"},"modified":"2024-10-07T10:46:58","modified_gmt":"2024-10-07T15:46:58","slug":"la-supremacia-del-pueblo","status":"publish","type":"post","link":"https:\/\/noticiasveracruz.com\/index.php\/2024\/10\/07\/la-supremacia-del-pueblo\/","title":{"rendered":"LA SUPREMAC\u00cdA DEL PUEBLO"},"content":{"rendered":"<p><span style=\"font-size: 14pt;\">Una ancestra historia jur\u00eddica nacional nos adoctrin\u00f3 a los abogados diciendo: que la voluntad general del gobierno se expresa siempre en la ley.\u00a0 La ley por consecuencia no es pues dictada por la autoridad o gobernanza. El soberano que la promulg\u00f3 en M\u00e9xico es decidida y perpetuamente \u201cel pueblo\u201d, constituido por la totalidad de los ciudadanos, opositores o n\u00f3. El pueblo sometido a las leyes de ser autor\u201d, as\u00ed lo mandat\u00f3 nuestra Constituci\u00f3n Pol\u00edtica de los Estados Unidos Mexicanos.<\/span><\/p>\n<p><span style=\"font-size: 14pt;\">La voluntad del pueblo no es la voluntad del Poder Ejecutivo o el Poder Legislativo, es la voluntad del Pacto Federal. Las autoridades o gobernantes no son unos mandatarios de la Supremac\u00eda del pueblo, por consecuencia l\u00f3gica jur\u00eddica, esos mandos o representantes son los encargados de cumplir el orden constitucional, la funci\u00f3n en una buena y no arbitraria o indolente gobernanza es transmitir y cumplir las \u00f3rdenes recibidas por la Carta de Carranza y ejecutarlas de manera fiel. Salus populis suprema lex est.<\/span><\/p>\n<p><span style=\"font-size: 14pt;\">La Academia de Derecho Penal del Colegio Nacional de Abogados Foro de M\u00e9xico, **** al pensamiento de nuestros ilustres catedr\u00e1ticos universitarios como N\u00e9stor de Buen Lozano, Ignacio Burgoa Orihuela, Ricardo Franco Guzm\u00e1n, Fernando Castellanos Tena, Salvador Mondrag\u00f3n Guerra y varios m\u00e1s, los siervos de la Naci\u00f3n, funcionarios del gobierno, autoridades o como se les llame solo deben de mandatar obedeciendo ciegamente a nuestro Pacto Federal.<\/span><\/p>\n<p><span style=\"font-size: 14pt;\">En ese orden de conceptos el Poder Ejecutivo Federal no tiene poder por s\u00ed mismo, esa gobernanza es la intermediaria entre el pueblo y la ley a la que debe de obedecer. Esa ley obliga a pueblo y autoridad a cumplir.<\/span><\/p>\n<p><span style=\"font-size: 14pt;\">Por tanto, el Poder Ejecutivo Federal, hoy representado por Claudia Sheinbaum Pardo solo debe de guiarse por la voluntad general del pueblo, sea \u00e9ste opositor ideol\u00f3gico o n\u00f3 e impedir que se oponga cualquier inter\u00e9s pol\u00edtico como es el so del pensar de la Cuarta Transformaci\u00f3n de la Rep\u00fablica, en su aprobada y reprobada Reforma Judicial.<\/span><\/p>\n<p><span style=\"font-size: 14pt;\">Si fuera el remoto caso que la Primer Magistrada de la Naci\u00f3n tuviera una voluntad pol\u00edtica opuesta a la de la supremac\u00eda del pueblo, tendr\u00eda ella la insana pretensi\u00f3n de sustituir a la voluntad del pueblo, la cual incluye a jueces, magistrados, ministros y litigantes, por la fuerza de la sinraz\u00f3n entonces M\u00e9xico perder\u00eda.<\/span><\/p>\n<p>&nbsp;<\/p>\n<p><span style=\"font-size: 14pt;\">Es cu\u00e1nto.<\/span><\/p>\n<p><span style=\"font-size: 14pt;\">Lic. Alberto Woolrich Ort\u00edz.<\/span><\/p>\n","protected":false},"excerpt":{"rendered":"<p>Una ancestra historia jur\u00eddica nacional nos adoctrin\u00f3 a los abogados diciendo: que la voluntad general del gobierno se expresa siempre<\/p>\n","protected":false},"author":4,"featured_media":39135,"comment_status":"closed","ping_status":"closed","sticky":false,"template":"","format":"standard","meta":{"colormag_page_container_layout":"default_layout","colormag_page_sidebar_layout":"default_layout","_jetpack_memberships_contains_paid_content":false,"footnotes":"","jetpack_publicize_message":"","jetpack_publicize_feature_enabled":true,"jetpack_social_post_already_shared":true,"jetpack_social_options":{"image_generator_settings":{"template":"highway","default_image_id":0,"font":"","enabled":false},"version":2}},"categories":[6],"tags":[],"class_list":["post-41575","post","type-post","status-publish","format-standard","has-post-thumbnail","hentry","category-columnistas"],"jetpack_publicize_connections":[],"jetpack_featured_media_url":"https:\/\/noticiasveracruz.com\/wp-content\/uploads\/2024\/09\/NV-ALBERTO-WOOLRICH.jpg","jetpack_sharing_enabled":true,"publishpress_future_action":{"enabled":false,"date":"2026-05-10 04:29:00","action":"change-status","newStatus":"draft","terms":[],"taxonomy":"category","extraData":[]},"publishpress_future_workflow_manual_trigger":{"enabledWorkflows":[]},"_links":{"self":[{"href":"https:\/\/noticiasveracruz.com\/index.php\/wp-json\/wp\/v2\/posts\/41575","targetHints":{"allow":["GET"]}}],"collection":[{"href":"https:\/\/noticiasveracruz.com\/index.php\/wp-json\/wp\/v2\/posts"}],"about":[{"href":"https:\/\/noticiasveracruz.com\/index.php\/wp-json\/wp\/v2\/types\/post"}],"author":[{"embeddable":true,"href":"https:\/\/noticiasveracruz.com\/index.php\/wp-json\/wp\/v2\/users\/4"}],"replies":[{"embeddable":true,"href":"https:\/\/noticiasveracruz.com\/index.php\/wp-json\/wp\/v2\/comments?post=41575"}],"version-history":[{"count":0,"href":"https:\/\/noticiasveracruz.com\/index.php\/wp-json\/wp\/v2\/posts\/41575\/revisions"}],"wp:featuredmedia":[{"embeddable":true,"href":"https:\/\/noticiasveracruz.com\/index.php\/wp-json\/wp\/v2\/media\/39135"}],"wp:attachment":[{"href":"https:\/\/noticiasveracruz.com\/index.php\/wp-json\/wp\/v2\/media?parent=41575"}],"wp:term":[{"taxonomy":"category","embeddable":true,"href":"https:\/\/noticiasveracruz.com\/index.php\/wp-json\/wp\/v2\/categories?post=41575"},{"taxonomy":"post_tag","embeddable":true,"href":"https:\/\/noticiasveracruz.com\/index.php\/wp-json\/wp\/v2\/tags?post=41575"}],"curies":[{"name":"wp","href":"https:\/\/api.w.org\/{rel}","templated":true}]}}