{"id":41573,"date":"2024-10-07T09:41:48","date_gmt":"2024-10-07T14:41:48","guid":{"rendered":"https:\/\/noticiasveracruz.com\/?p=41573"},"modified":"2024-10-07T09:41:48","modified_gmt":"2024-10-07T14:41:48","slug":"nombramiento-de-funcionarios","status":"publish","type":"post","link":"https:\/\/noticiasveracruz.com\/index.php\/2024\/10\/07\/nombramiento-de-funcionarios\/","title":{"rendered":"Nombramiento de funcionarios"},"content":{"rendered":"<ul>\n<li>Pozos Castro a la Subsecretar\u00eda de Gobierno<\/li>\n<li>No ratificar\u00e1n a funcionarios y directores de la SEV<\/li>\n<li>Sergio Hern\u00e1ndez a la presidencia del Congreso federal<\/li>\n<\/ul>\n<div style=\"text-align: left;\" align=\"center\"><strong>Por Miguel \u00c1ngel Cristiani G.<\/strong><\/div>\n<div align=\"center\"><\/div>\n<div>En la medida de que se va acercando la fecha para su toma de posesi\u00f3n como gobernadora del estado de Veracruz, Roc\u00edo Nahle va configurando su equipo de colaboradores con los que habr\u00e1 de trabajar durante su administraci\u00f3n los pr\u00f3ximos seis a\u00f1os.<\/div>\n<div>Por lo pronto, este fin de semana, en Poza Rica como parte de su gira de agradecimiento a la ciudadan\u00eda veracruzana, que acudi\u00f3 a votar por ella en la pasada elecci\u00f3n del 2 de junio, Roc\u00edo Nahle anunci\u00f3 una primicia sobre la integraci\u00f3n de su gabinete.<\/div>\n<div>Inform\u00f3 que como parte del gran trabajo que se har\u00e1 durante su administraci\u00f3n en materia de Pol\u00edtica Interna encabezar\u00e1n ese equipo, el a\u00fan alcalde de la capital del estado, Ricardo Ahued Bardahuil como Secretario de Gobierno; quien estar\u00e1 acompa\u00f1ado por el tambi\u00e9n presidente municipal de Tuxpan, Jos\u00e9 Manuel Pozos Castro quien despachar\u00e1 en la subsecretar\u00eda de Gobierno.<\/div>\n<div>En la \u201cGira de Agradecimiento\u201d que hizo en este municipio, destac\u00f3 el gran trabajo hecho a favor de la transformaci\u00f3n por Pozos Castro, primero como diputado local en el Congreso donde presidio la Junta de Coordinaci\u00f3n Pol\u00edtica y posteriormente como alcalde de Tuxpan, cargo del que solicitar\u00e1 licencia una vez que inicie el sexenio entrante.<\/div>\n<div>\u201cAqu\u00ed est\u00e1 nuestro alcalde de Tuxpan, Jos\u00e9 Manuel Pozos, les voy a dar una primicia ya que estoy aqu\u00ed en la zona norte, el alcalde le pedimos que nos ayude a ser subsecretario de Gobierno junto con Ahued, deja Tuxpan y se va al Gobierno\u201d, anunci\u00f3.<\/div>\n<div>En su discurso en Poza Rica la gobernadora Roc\u00edo Nahle destac\u00f3 que el relevo en la presidencia de la Rep\u00fablica, de Andr\u00e9s Manuel L\u00f3pez Obrador a Claudia Sheinbaum Pardo, fue un relevo terso y armonioso, lo cual se repetir\u00e1 en Veracruz donde la coordinaci\u00f3n y continuidad est\u00e1n garantizados.<\/div>\n<div>En Veracruz, subray\u00f3, al igual que a nivel federal, la entrega-recepci\u00f3n y la transici\u00f3n ser\u00e1 con paz y di\u00e1logo permanente con el mandatario saliente, Cuitl\u00e1huac Garc\u00eda Jim\u00e9nez.<\/div>\n<div>\u201cHoy Veracruz tiene estabilidad pol\u00edtica, somos el estado con mayor estabilidad pol\u00edtica, una transici\u00f3n en paz, de di\u00e1logo, de revisi\u00f3n, con dos compa\u00f1eros, tanto Cuitl\u00e1huac como una servidora que hemos caminado, vamos bien\u201d.<\/div>\n<div>Tambi\u00e9n se coment\u00f3 que de Poza Rica es originaria la pr\u00f3xima secretaria de Sedema, Luz Mariela Zaleta Mendoza y Raquel Bonilla, senadora suplente de la siguiente titular de la SEV, Claudia Tello Espinosa.<\/div>\n<div>Precisamente sobre el tema de los nombramientos de funcionarios en la SEV, la senadora Claudia Tello Espinosa declar\u00f3 este fin de semana que no habr\u00e1 ratificaci\u00f3n de funcionarios de primer nivel en esa dependencia.<\/div>\n<div>La senadora Claudia Tello Espinoza, pr\u00f3xima secretaria de Educaci\u00f3n de Veracruz (SEV) de manera categ\u00f3rica dej\u00f3 entrever que no habr\u00e1 ratificaci\u00f3n de funcionarios de primer nivel en esa dependencia del gobierno estatal, pues no est\u00e1 dentro de sus facultades nombrarlas.<\/div>\n<div>\u201cNo me toca a m\u00ed, ser\u00e1 decisi\u00f3n de la pr\u00f3xima gobernadora Roc\u00edo Nahle Garc\u00eda\u201d, respondi\u00f3 ante el cuestionamiento de la ratificaci\u00f3n de subsecretarios y directores de \u00e1reas y de los diferentes niveles educativos de la dependencia estatal.<\/div>\n<div>Otro nombramiento de un destacado pol\u00edtico veracruzano -de Minatitl\u00e1n- el diputado Sergio Guti\u00e9rrez Luna se dio en la presidencia del Congreso Federal, luego del lamentable fallecimiento de la presidenta Efigenia Mart\u00ednez.<\/div>\n<div>El nombramiento del diputado Sergio Guti\u00e9rrez Luna como presidente de la C\u00e1mara en sustituci\u00f3n de la diputada Efigenia Mart\u00ednez es un reflejo de la din\u00e1mica pol\u00edtica actual en el pa\u00eds. Guti\u00e9rrez, quien ha sido una figura destacada en su partido, &#8211; hay que recordar que incluso fue aspirante a la candidatura a la gubernatura por MORENA y ha sido tambi\u00e9n representante de ese partido ante el INE- seguramente traer\u00e1 consigo una nueva visi\u00f3n y enfoque a la presidencia de la C\u00e1mara. Su experiencia y trayectoria pueden ser cruciales para abordar los retos legislativos que se avecinan con las discusiones de las reformas constitucionales.<\/div>\n<div>Es importante que el nuevo presidente mantenga el di\u00e1logo y la colaboraci\u00f3n con todos los grupos parlamentarios para asegurar un trabajo efectivo y representativo en beneficio de la ciudadan\u00eda.<\/div>\n<div>Este cambio de liderazgo puede ser una oportunidad para fortalecer el proceso legislativo y abordar las prioridades nacionales con renovada energ\u00eda y enfoque.<\/div>\n<div>\u00bfCu\u00e1les ser\u00e1n los principales retos que enfrentar\u00e1 Guti\u00e9rrez Luna en su nuevo cargo?<\/div>\n<div>El diputado Sergio Guti\u00e9rrez Luna enfrentar\u00e1 varios retos significativos en su nuevo cargo como presidente de la C\u00e1mara. Algunos de los principales son:<\/div>\n<ul>\n<li>Di\u00e1logo y Colaboraci\u00f3n Interpartidaria: Fomentar un ambiente de cooperaci\u00f3n entre los distintos grupos parlamentarios ser\u00e1 crucial, especialmente en un contexto pol\u00edtico polarizado.<\/li>\n<li>Gesti\u00f3n de la Agenda Legislativa: Tendr\u00e1 que priorizar y gestionar una agenda legislativa compleja, que incluya temas como seguridad, econom\u00eda y derechos humanos, asegurando que se aborden de manera efectiva.<\/li>\n<li>Transparencia y Rendici\u00f3n de Cuentas: Promover la transparencia en los procesos legislativos y garantizar que se mantenga la rendici\u00f3n de cuentas ser\u00e1 fundamental para fortalecer la confianza p\u00fablica.<\/li>\n<li>Respuesta a Crisis Sociales y Econ\u00f3micas: Deber\u00e1 estar preparado para responder a las necesidades emergentes de la ciudadan\u00eda, especialmente en situaciones de crisis econ\u00f3mica o social.<\/li>\n<li>Innovaci\u00f3n y Modernizaci\u00f3n: Impulsar reformas que modernicen el funcionamiento de la C\u00e1mara, incluyendo el uso de tecnolog\u00eda para mejorar la eficiencia y accesibilidad.<\/li>\n<li>Fortalecimiento de la Democracia: Proteger y promover los principios democr\u00e1ticos dentro del proceso legislativo, asegurando que se respeten los derechos de todos los legisladores y la ciudadan\u00eda.<\/li>\n<\/ul>\n<div>Estos retos requerir\u00e1n demostrar una vez m\u00e1s sus habilidades de liderazgo, negociaci\u00f3n y una visi\u00f3n clara para navegar por el complejo panorama pol\u00edtico del pa\u00eds.<\/div>\n","protected":false},"excerpt":{"rendered":"<p>Pozos Castro a la Subsecretar\u00eda de Gobierno No ratificar\u00e1n a funcionarios y directores de la SEV Sergio Hern\u00e1ndez a la<\/p>\n","protected":false},"author":4,"featured_media":29037,"comment_status":"closed","ping_status":"closed","sticky":false,"template":"","format":"standard","meta":{"colormag_page_container_layout":"default_layout","colormag_page_sidebar_layout":"default_layout","_jetpack_memberships_contains_paid_content":false,"footnotes":"","jetpack_publicize_message":"","jetpack_publicize_feature_enabled":true,"jetpack_social_post_already_shared":true,"jetpack_social_options":{"image_generator_settings":{"template":"highway","default_image_id":0,"font":"","enabled":false},"version":2}},"categories":[6],"tags":[],"class_list":["post-41573","post","type-post","status-publish","format-standard","has-post-thumbnail","hentry","category-columnistas"],"jetpack_publicize_connections":[],"jetpack_featured_media_url":"https:\/\/noticiasveracruz.com\/wp-content\/uploads\/2024\/04\/BANNER-cristiani-NV.jpg","jetpack_sharing_enabled":true,"publishpress_future_action":{"enabled":false,"date":"2026-05-10 05:16:48","action":"change-status","newStatus":"draft","terms":[],"taxonomy":"category","extraData":[]},"publishpress_future_workflow_manual_trigger":{"enabledWorkflows":[]},"_links":{"self":[{"href":"https:\/\/noticiasveracruz.com\/index.php\/wp-json\/wp\/v2\/posts\/41573","targetHints":{"allow":["GET"]}}],"collection":[{"href":"https:\/\/noticiasveracruz.com\/index.php\/wp-json\/wp\/v2\/posts"}],"about":[{"href":"https:\/\/noticiasveracruz.com\/index.php\/wp-json\/wp\/v2\/types\/post"}],"author":[{"embeddable":true,"href":"https:\/\/noticiasveracruz.com\/index.php\/wp-json\/wp\/v2\/users\/4"}],"replies":[{"embeddable":true,"href":"https:\/\/noticiasveracruz.com\/index.php\/wp-json\/wp\/v2\/comments?post=41573"}],"version-history":[{"count":0,"href":"https:\/\/noticiasveracruz.com\/index.php\/wp-json\/wp\/v2\/posts\/41573\/revisions"}],"wp:featuredmedia":[{"embeddable":true,"href":"https:\/\/noticiasveracruz.com\/index.php\/wp-json\/wp\/v2\/media\/29037"}],"wp:attachment":[{"href":"https:\/\/noticiasveracruz.com\/index.php\/wp-json\/wp\/v2\/media?parent=41573"}],"wp:term":[{"taxonomy":"category","embeddable":true,"href":"https:\/\/noticiasveracruz.com\/index.php\/wp-json\/wp\/v2\/categories?post=41573"},{"taxonomy":"post_tag","embeddable":true,"href":"https:\/\/noticiasveracruz.com\/index.php\/wp-json\/wp\/v2\/tags?post=41573"}],"curies":[{"name":"wp","href":"https:\/\/api.w.org\/{rel}","templated":true}]}}