{"id":41568,"date":"2024-10-07T08:32:48","date_gmt":"2024-10-07T13:32:48","guid":{"rendered":"https:\/\/noticiasveracruz.com\/?p=41568"},"modified":"2024-10-07T08:32:48","modified_gmt":"2024-10-07T13:32:48","slug":"el-inegi-actualizara-cada-dos-anos-canasta-con-la-que-se-mide-la-inflacion","status":"publish","type":"post","link":"https:\/\/noticiasveracruz.com\/index.php\/2024\/10\/07\/el-inegi-actualizara-cada-dos-anos-canasta-con-la-que-se-mide-la-inflacion\/","title":{"rendered":"El Inegi actualizar\u00e1 cada dos a\u00f1os canasta con la que se mide la inflaci\u00f3n"},"content":{"rendered":"<p><span style=\"font-size: 14pt;\">En el Instituto Nacional de Estad\u00edstica y Geograf\u00eda (Inegi) planea actualizar el \u00cdndice Nacional de Precios al Consumidor (INPC) con m\u00e1s frecuencia.\u00a0\u00a0<\/span><\/p>\n<p><span style=\"font-size: 14pt;\">La idea es programarla cada dos a\u00f1os, en lugar de cada cuatro, como hab\u00eda sido hasta ahora, explic\u00f3 el director de \u00edndices de Precios del Instituto Nacional de Estad\u00edstica y Geograf\u00eda (Inegi), Jorge Reyes Moreno.<\/span><\/p>\n<p><span style=\"font-size: 14pt;\">Esta estrategia se completar\u00e1 conforme la frecuencia de la Encuesta Nacional de Ingreso Gasto de los Hogares (ENIGH), que tambi\u00e9n levanta el Inegi, consign\u00f3.<\/span><\/p>\n<p><span style=\"font-size: 14pt;\">Entrevistado por El Economista, coment\u00f3 que la evoluci\u00f3n de la tecnolog\u00eda para el uso com\u00fan est\u00e1 obligando a la mayor\u00eda de los pa\u00edses a planear con m\u00e1s frecuencia la actualizaci\u00f3n de los indicadores para medir la inflaci\u00f3n.<\/span><\/p>\n","protected":false},"excerpt":{"rendered":"<p>En el Instituto Nacional de Estad\u00edstica y Geograf\u00eda (Inegi) planea actualizar el \u00cdndice Nacional de Precios al Consumidor (INPC) con<\/p>\n","protected":false},"author":4,"featured_media":41569,"comment_status":"closed","ping_status":"closed","sticky":false,"template":"","format":"standard","meta":{"colormag_page_container_layout":"default_layout","colormag_page_sidebar_layout":"default_layout","_jetpack_memberships_contains_paid_content":false,"footnotes":"","jetpack_publicize_message":"","jetpack_publicize_feature_enabled":true,"jetpack_social_post_already_shared":true,"jetpack_social_options":{"image_generator_settings":{"template":"highway","default_image_id":0,"font":"","enabled":false},"version":2}},"categories":[1947],"tags":[],"class_list":["post-41568","post","type-post","status-publish","format-standard","has-post-thumbnail","hentry","category-economia"],"jetpack_publicize_connections":[],"jetpack_featured_media_url":"https:\/\/noticiasveracruz.com\/wp-content\/uploads\/2024\/10\/66e4934f1bdd9.jpeg","jetpack_sharing_enabled":true,"publishpress_future_action":{"enabled":false,"date":"2026-05-10 07:12:33","action":"change-status","newStatus":"draft","terms":[],"taxonomy":"category","extraData":[]},"publishpress_future_workflow_manual_trigger":{"enabledWorkflows":[]},"_links":{"self":[{"href":"https:\/\/noticiasveracruz.com\/index.php\/wp-json\/wp\/v2\/posts\/41568","targetHints":{"allow":["GET"]}}],"collection":[{"href":"https:\/\/noticiasveracruz.com\/index.php\/wp-json\/wp\/v2\/posts"}],"about":[{"href":"https:\/\/noticiasveracruz.com\/index.php\/wp-json\/wp\/v2\/types\/post"}],"author":[{"embeddable":true,"href":"https:\/\/noticiasveracruz.com\/index.php\/wp-json\/wp\/v2\/users\/4"}],"replies":[{"embeddable":true,"href":"https:\/\/noticiasveracruz.com\/index.php\/wp-json\/wp\/v2\/comments?post=41568"}],"version-history":[{"count":0,"href":"https:\/\/noticiasveracruz.com\/index.php\/wp-json\/wp\/v2\/posts\/41568\/revisions"}],"wp:featuredmedia":[{"embeddable":true,"href":"https:\/\/noticiasveracruz.com\/index.php\/wp-json\/wp\/v2\/media\/41569"}],"wp:attachment":[{"href":"https:\/\/noticiasveracruz.com\/index.php\/wp-json\/wp\/v2\/media?parent=41568"}],"wp:term":[{"taxonomy":"category","embeddable":true,"href":"https:\/\/noticiasveracruz.com\/index.php\/wp-json\/wp\/v2\/categories?post=41568"},{"taxonomy":"post_tag","embeddable":true,"href":"https:\/\/noticiasveracruz.com\/index.php\/wp-json\/wp\/v2\/tags?post=41568"}],"curies":[{"name":"wp","href":"https:\/\/api.w.org\/{rel}","templated":true}]}}