{"id":41538,"date":"2024-10-07T02:16:31","date_gmt":"2024-10-07T07:16:31","guid":{"rendered":"https:\/\/noticiasveracruz.com\/?p=41538"},"modified":"2024-10-06T23:38:38","modified_gmt":"2024-10-07T04:38:38","slug":"cancelan-clases-en-yucatan-y-emiten-alerta-verde-por-huracan-milton","status":"publish","type":"post","link":"https:\/\/noticiasveracruz.com\/index.php\/2024\/10\/07\/cancelan-clases-en-yucatan-y-emiten-alerta-verde-por-huracan-milton\/","title":{"rendered":"Cancelan clases en Yucat\u00e1n y emiten alerta verde por hurac\u00e1n Milton"},"content":{"rendered":"<div>\n<div id=\"content-body-225-12667592\">\n<p><span style=\"font-size: 14pt;\">Ante la amenaza del\u00a0hurac\u00e1n Milton, que\u00a0podr\u00eda afectar la cosa norte de Yucat\u00e1n, se emiti\u00f3 la\u00a0alerta verde y la suspensi\u00f3n de clases en 48 municipios de la entidad.<\/span><\/p>\n<p><span style=\"font-size: 14pt;\">El\u00a0hurac\u00e1n Milton, que alcanz\u00f3 la categor\u00eda 1 en escala Saffir-Simpson,\u00a0ha puesto en alerta a las autoridades y poblaci\u00f3n del estado\u00a0por lo que se ha reunido el Comit\u00e9 de Emergencias del Consejo Estatal de Protecci\u00f3n Civil, el cual determin\u00f3 la\u00a0suspensi\u00f3n de actividades escolares en todos los niveles educativos\u00a0para este lunes 7 de octubre\u00a0en 48 de los 106 municipios de la entidad.<\/span><\/p>\n<\/div>\n<\/div>\n<div>\n<div id=\"dfp-nota-1x3s\" data-google-query-id=\"CJCQr-C4-4gDFamGpgQdKCMGKg\">\n<div id=\"google_ads_iframe_\/2000002\/la-prensa\/mexico_nota_1x3_0__container__\"><span style=\"font-size: 14pt;\">De acuerdo con el \u00faltimo reporte, el hurac\u00e1n Milton podr\u00eda incrementar su fuerza en las pr\u00f3ximas horas, por lo que se mantiene en vigilancia, aunque\u00a0su desplazamiento actual es con trayectoria hacia Estados Unidos.<\/span><\/div>\n<\/div>\n<\/div>\n<article>\n<div id=\"content-body-5851641-12667592\">\n<p><span style=\"font-size: 14pt;\">En M\u00e9rida, Yucat\u00e1n se mantiene un monitoreo permanente desde el Sistema Estatal de Monitoreo y Alertamiento, en estrecha coordinaci\u00f3n interinstitucional de los tres niveles de gobierno, as\u00ed como todos los integrantes del Comit\u00e9 Estatal de Protecci\u00f3n Civil.<\/span><\/p>\n<\/div>\n<\/article>\n","protected":false},"excerpt":{"rendered":"<p>Ante la amenaza del\u00a0hurac\u00e1n Milton, que\u00a0podr\u00eda afectar la cosa norte de Yucat\u00e1n, se emiti\u00f3 la\u00a0alerta verde y la suspensi\u00f3n de<\/p>\n","protected":false},"author":4,"featured_media":41539,"comment_status":"closed","ping_status":"closed","sticky":false,"template":"","format":"standard","meta":{"colormag_page_container_layout":"default_layout","colormag_page_sidebar_layout":"default_layout","_jetpack_memberships_contains_paid_content":false,"footnotes":"","jetpack_publicize_message":"","jetpack_publicize_feature_enabled":true,"jetpack_social_post_already_shared":true,"jetpack_social_options":{"image_generator_settings":{"template":"highway","default_image_id":0,"font":"","enabled":false},"version":2}},"categories":[4],"tags":[],"class_list":["post-41538","post","type-post","status-publish","format-standard","has-post-thumbnail","hentry","category-nacional"],"jetpack_publicize_connections":[],"jetpack_featured_media_url":"https:\/\/noticiasveracruz.com\/wp-content\/uploads\/2024\/10\/lluvia-huracan-Milton.jpg","jetpack_sharing_enabled":true,"publishpress_future_action":{"enabled":false,"date":"2026-05-10 02:29:15","action":"change-status","newStatus":"draft","terms":[],"taxonomy":"category","extraData":[]},"publishpress_future_workflow_manual_trigger":{"enabledWorkflows":[]},"_links":{"self":[{"href":"https:\/\/noticiasveracruz.com\/index.php\/wp-json\/wp\/v2\/posts\/41538","targetHints":{"allow":["GET"]}}],"collection":[{"href":"https:\/\/noticiasveracruz.com\/index.php\/wp-json\/wp\/v2\/posts"}],"about":[{"href":"https:\/\/noticiasveracruz.com\/index.php\/wp-json\/wp\/v2\/types\/post"}],"author":[{"embeddable":true,"href":"https:\/\/noticiasveracruz.com\/index.php\/wp-json\/wp\/v2\/users\/4"}],"replies":[{"embeddable":true,"href":"https:\/\/noticiasveracruz.com\/index.php\/wp-json\/wp\/v2\/comments?post=41538"}],"version-history":[{"count":0,"href":"https:\/\/noticiasveracruz.com\/index.php\/wp-json\/wp\/v2\/posts\/41538\/revisions"}],"wp:featuredmedia":[{"embeddable":true,"href":"https:\/\/noticiasveracruz.com\/index.php\/wp-json\/wp\/v2\/media\/41539"}],"wp:attachment":[{"href":"https:\/\/noticiasveracruz.com\/index.php\/wp-json\/wp\/v2\/media?parent=41538"}],"wp:term":[{"taxonomy":"category","embeddable":true,"href":"https:\/\/noticiasveracruz.com\/index.php\/wp-json\/wp\/v2\/categories?post=41538"},{"taxonomy":"post_tag","embeddable":true,"href":"https:\/\/noticiasveracruz.com\/index.php\/wp-json\/wp\/v2\/tags?post=41538"}],"curies":[{"name":"wp","href":"https:\/\/api.w.org\/{rel}","templated":true}]}}