{"id":41533,"date":"2024-10-07T02:15:51","date_gmt":"2024-10-07T07:15:51","guid":{"rendered":"https:\/\/noticiasveracruz.com\/?p=41533"},"modified":"2024-10-06T23:30:49","modified_gmt":"2024-10-07T04:30:49","slug":"economia-y-longevidad-estamos-preparados-para-la-transicion-demografica-2","status":"publish","type":"post","link":"https:\/\/noticiasveracruz.com\/index.php\/2024\/10\/07\/economia-y-longevidad-estamos-preparados-para-la-transicion-demografica-2\/","title":{"rendered":"Econom\u00eda y longevidad: \u00bfestamos preparados para la transici\u00f3n demogr\u00e1fica?"},"content":{"rendered":"<p><span style=\"font-size: 14pt;\">Aqu\u00ed es donde entra en juego el\u00a0Senior Economy Tracker\u00a0(SET), un nuevo \u00edndice que permite evaluar c\u00f3mo se adaptan los pa\u00edses al reto demogr\u00e1fico, proporcionando medidas que permiten analizar la evoluci\u00f3n temporal y la comparativa entre pa\u00edses.<\/span><\/p>\n<p><span style=\"font-size: 14pt;\">Las medidas existentes a menudo se quedan cortas a la hora de capturar la complejidad de la longevidad. La mayor\u00eda de los \u00edndices disponibles (por ejemplo, el\u00a0Active Aging Index\u00a0de la Organizaci\u00f3n Mundial de la Salud) ofrecen una perspectiva limitada al enfocarse en un solo aspecto, como la salud o el empleo, lo que impide una comprensi\u00f3n integrada de los desaf\u00edos y oportunidades que plantea el envejecimiento poblacional.<\/span><\/p>\n<p><span style=\"font-size: 14pt;\">El SET, en cambio, abarca cuatro dimensiones clave \u2013demogr\u00e1fica, institucional, macroecon\u00f3mica e individual\u2013 para proporcionar una visi\u00f3n m\u00e1s completa y hol\u00edstica de c\u00f3mo los pa\u00edses est\u00e1n gestionando el reto de la longevidad.<\/span><\/p>\n<p><span style=\"font-size: 14pt;\">Este\u00a0nuevo \u00edndice, desarrollado por investigadores de la Universidad Pontificia Comillas en colaboraci\u00f3n con Ageingnomics (Fundaci\u00f3n Mapfre), toma en consideraci\u00f3n la proporci\u00f3n de personas mayores en una sociedad, la capacidad de las instituciones para apoyar el envejecimiento saludable, la inclusi\u00f3n econ\u00f3mica de los mayores en el mercado laboral y la calidad de vida general de esta poblaci\u00f3n.<\/span><\/p>\n<p><span style=\"font-size: 14pt;\">Leer m\u00e1s: A\u00f1adir vida a los a\u00f1os: por qu\u00e9 es importante que el envejecimiento tambi\u00e9n sea saludable<\/span><\/p>\n<h2><span style=\"font-size: 14pt;\">\u00bfQu\u00e9 pa\u00edses lideran el reto demogr\u00e1fico?<\/span><\/h2>\n<p><span style=\"font-size: 14pt;\">Al aplicar el SET a 27 pa\u00edses europeos durante el per\u00edodo 2010-2021, hemos encontrado diferencias significativas en las estrategias y niveles de preparaci\u00f3n para abordar los efectos socioecon\u00f3micos del reto demogr\u00e1fico. As\u00ed, los pa\u00edses n\u00f3rdicos, como Dinamarca y Suecia, est\u00e1n a la vanguardia de la adaptaci\u00f3n a la transici\u00f3n demogr\u00e1fica.<\/span><\/p>\n<p><span style=\"font-size: 14pt;\">Estos pa\u00edses han adoptado un enfoque integrado, combinando pol\u00edticas efectivas de envejecimiento activo con sistemas de bienestar s\u00f3lidos que apoyan tanto a los mayores como a las generaciones m\u00e1s j\u00f3venes. Esta preparaci\u00f3n avanzada se refleja en altas puntuaciones en todas las dimensiones evaluadas por el SET.<\/span><\/p>\n<p><span style=\"font-size: 14pt;\">Por el contrario, muchos pa\u00edses de Europa del Este, como Ruman\u00eda y Bulgaria, se encuentran rezagados, con desaf\u00edos significativos en t\u00e9rminos de infraestructura institucional, participaci\u00f3n econ\u00f3mica de los mayores y calidad de vida. Estos pa\u00edses muestran la necesidad urgente de reformas pol\u00edticas y econ\u00f3micas que aborden las carencias en sus sistemas de apoyo y promuevan un envejecimiento m\u00e1s activo y saludable.<\/span><\/p>\n","protected":false},"excerpt":{"rendered":"<p>Aqu\u00ed es donde entra en juego el\u00a0Senior Economy Tracker\u00a0(SET), un nuevo \u00edndice que permite evaluar c\u00f3mo se adaptan los pa\u00edses<\/p>\n","protected":false},"author":4,"featured_media":41534,"comment_status":"closed","ping_status":"closed","sticky":false,"template":"","format":"standard","meta":{"colormag_page_container_layout":"default_layout","colormag_page_sidebar_layout":"default_layout","_jetpack_memberships_contains_paid_content":false,"footnotes":"","jetpack_publicize_message":"","jetpack_publicize_feature_enabled":true,"jetpack_social_post_already_shared":true,"jetpack_social_options":{"image_generator_settings":{"template":"highway","default_image_id":0,"font":"","enabled":false},"version":2}},"categories":[1947],"tags":[],"class_list":["post-41533","post","type-post","status-publish","format-standard","has-post-thumbnail","hentry","category-economia"],"jetpack_publicize_connections":[],"jetpack_featured_media_url":"https:\/\/noticiasveracruz.com\/wp-content\/uploads\/2024\/10\/6700c7abc43a5-1.png","jetpack_sharing_enabled":true,"publishpress_future_action":{"enabled":false,"date":"2026-05-10 04:00:06","action":"change-status","newStatus":"draft","terms":[],"taxonomy":"category","extraData":[]},"publishpress_future_workflow_manual_trigger":{"enabledWorkflows":[]},"_links":{"self":[{"href":"https:\/\/noticiasveracruz.com\/index.php\/wp-json\/wp\/v2\/posts\/41533","targetHints":{"allow":["GET"]}}],"collection":[{"href":"https:\/\/noticiasveracruz.com\/index.php\/wp-json\/wp\/v2\/posts"}],"about":[{"href":"https:\/\/noticiasveracruz.com\/index.php\/wp-json\/wp\/v2\/types\/post"}],"author":[{"embeddable":true,"href":"https:\/\/noticiasveracruz.com\/index.php\/wp-json\/wp\/v2\/users\/4"}],"replies":[{"embeddable":true,"href":"https:\/\/noticiasveracruz.com\/index.php\/wp-json\/wp\/v2\/comments?post=41533"}],"version-history":[{"count":0,"href":"https:\/\/noticiasveracruz.com\/index.php\/wp-json\/wp\/v2\/posts\/41533\/revisions"}],"wp:featuredmedia":[{"embeddable":true,"href":"https:\/\/noticiasveracruz.com\/index.php\/wp-json\/wp\/v2\/media\/41534"}],"wp:attachment":[{"href":"https:\/\/noticiasveracruz.com\/index.php\/wp-json\/wp\/v2\/media?parent=41533"}],"wp:term":[{"taxonomy":"category","embeddable":true,"href":"https:\/\/noticiasveracruz.com\/index.php\/wp-json\/wp\/v2\/categories?post=41533"},{"taxonomy":"post_tag","embeddable":true,"href":"https:\/\/noticiasveracruz.com\/index.php\/wp-json\/wp\/v2\/tags?post=41533"}],"curies":[{"name":"wp","href":"https:\/\/api.w.org\/{rel}","templated":true}]}}