{"id":4144,"date":"2022-05-10T05:51:07","date_gmt":"2022-05-10T10:51:07","guid":{"rendered":"https:\/\/noticiasveracruz.com\/?p=4144"},"modified":"2022-05-10T05:51:07","modified_gmt":"2022-05-10T10:51:07","slug":"total-impunidad-en-el-mexico-mas-violento","status":"publish","type":"post","link":"https:\/\/noticiasveracruz.com\/index.php\/2022\/05\/10\/total-impunidad-en-el-mexico-mas-violento\/","title":{"rendered":"Total impunidad en el M\u00e9xico m\u00e1s violento"},"content":{"rendered":"<p>&nbsp;<\/p>\n<p style=\"font-weight: 400;\"><strong><span style=\"font-size: 18pt;\">Por M\u00f3nica Camarena Crespo<\/span><\/strong><\/p>\n<p style=\"font-weight: 400;\"><span style=\"font-size: 14pt;\">Cualquiera puede salir a matar sin que nadie haga nada; huir de manera cobarde y las im\u00e1genes, en caso de que haya c\u00e1maras de seguridad, da lo mismo, en M\u00e9xico no pasa nada y en Veracruz, menos.<\/span><\/p>\n<p style=\"font-weight: 400;\"><span style=\"font-size: 14pt;\">En febrero, la Sociedad Interamericana de Prensa hizo un llamado al presidente Andr\u00e9s Manuel L\u00f3pez Obrador a \u201csuspender de inmediato las agresiones e insultos, porque este tipo de ataques desde la c\u00fapula del poder fomentan la violencia contra la prensa\u201d.<\/span><\/p>\n<p style=\"font-weight: 400;\"><span style=\"font-size: 14pt;\">En lo que va del a\u00f1o van 11 periodistas asesinados en el pa\u00eds, como siempre, Veracruz marca el negro r\u00e9cord, apenas ayer dos reporteras en el sur del estado fueron asesinados de manera artera y violenta.<\/span><\/p>\n<p style=\"font-weight: 400;\"><span style=\"font-size: 14pt;\">El pasado 3 de mayo\u00a0Human Rights Watch, con ocasi\u00f3n del D\u00eda Mundial de la Libertad de Prensa, daba a conocer que M\u00e9xico s\u00f3lo ocupaba la segunda posici\u00f3n despu\u00e9s de Ucrania (en guerra) como el pa\u00eds m\u00e1s letal para periodistas.<\/span><\/p>\n<p style=\"font-weight: 400;\"><span style=\"font-size: 14pt;\">Las condenas de ese organismo fueron contundentes, Tyler Mattiace, investigador para las Am\u00e9ricas de Human Rights Watch se\u00f1al\u00f3 de manera contundente \u201cEl presidente L\u00f3pez Obrador no s\u00f3lo no ha abordado la violencia contra la prensa, sino que adem\u00e1s sigue utilizando sus conferencias ma\u00f1aneras para hostigar e intimidar a periodistas\u201d.<\/span><\/p>\n<p style=\"font-weight: 400;\"><span style=\"font-size: 14pt;\">El informe dio cuenta de lo que todos sabemos, las autoridades en todos los niveles, rara vez esclarecen estos cr\u00edmenes o enjuician a los responsables. El mecanismo de protecci\u00f3n para defensores de derechos humanos y periodistas del gobierno federal tiene una capacidad limitada para responder a todas las necesidades de protecci\u00f3n.\u00a0\u00a0\u00a0<\/span><\/p>\n<p style=\"font-weight: 400;\"><span style=\"font-size: 14pt;\">Lo m\u00e1s grave y expuesto por diversos organismos internacionales, es que la mayor\u00eda de los cr\u00edmenes en M\u00e9xico quedan impunes, incluyendo los asesinatos de periodistas. De las 105 investigaciones\u00a0sobre asesinatos de periodistas realizadas por la Fiscal\u00eda Especial para la Atenci\u00f3n de Delitos cometidos contra de la Libertad de Expresi\u00f3n (FEADLE) desde su creaci\u00f3n en 2010, tan solo seis han resultado en condenas por homicidio.\u00a0<\/span><\/p>\n<p style=\"font-weight: 400;\">\n<p style=\"font-weight: 400;\"><span style=\"font-size: 18pt;\"><strong>IMPUNIDAD<\/strong><\/span><\/p>\n<p style=\"font-weight: 400;\"><span style=\"font-size: 14pt;\">La mayor\u00eda de las denuncias penales en M\u00e9xico no avanzan m\u00e1s all\u00e1 de la investigaci\u00f3n inicial, incluso cuando las autoridades han identificado presuntos responsables, esa es la cruel y absoluta realidad en el pa\u00eds cada vez m\u00e1s violento e impune.<\/span><\/p>\n<p>&nbsp;<\/p>\n<p style=\"font-weight: 400;\"><span style=\"font-size: 18pt;\"><strong>\u00c1GORA<\/strong><\/span><\/p>\n<p style=\"font-weight: 400;\"><span style=\"font-size: 14pt;\">En Veracruz, la justicia como palabra fue borrada a modo y semejanza de la trama de la pel\u00edcula \u201cLa Ley de Herodes\u201d, si no la han visto, no se la pierdan y ver\u00e1n el \u201cremedo\u201d de lo que hoy pasa en el estado.<\/span><\/p>\n<p style=\"font-weight: 400;\">\n<p>&nbsp;<\/p>\n<p style=\"font-weight: 400;\"><strong><span style=\"font-size: 18pt;\">Twitter: <a href=\"https:\/\/twitter.com\/Monicamarena\">@monicamarena<\/a><\/span><\/strong><\/p>\n<p>&nbsp;<\/p>\n<p>&nbsp;<\/p>\n<p>&nbsp;<\/p>\n<p>&nbsp;<\/p>\n","protected":false},"excerpt":{"rendered":"<p>&nbsp; Por M\u00f3nica Camarena Crespo Cualquiera puede salir a matar sin que nadie haga nada; huir de manera cobarde y<\/p>\n","protected":false},"author":4,"featured_media":3285,"comment_status":"closed","ping_status":"closed","sticky":false,"template":"","format":"standard","meta":{"colormag_page_container_layout":"default_layout","colormag_page_sidebar_layout":"default_layout","_jetpack_memberships_contains_paid_content":false,"footnotes":"","jetpack_publicize_message":"","jetpack_publicize_feature_enabled":true,"jetpack_social_post_already_shared":false,"jetpack_social_options":{"image_generator_settings":{"template":"highway","default_image_id":0,"font":"","enabled":false},"version":2}},"categories":[6],"tags":[],"class_list":["post-4144","post","type-post","status-publish","format-standard","has-post-thumbnail","hentry","category-columnistas"],"jetpack_publicize_connections":[],"jetpack_featured_media_url":"https:\/\/noticiasveracruz.com\/wp-content\/uploads\/2022\/04\/MO\u0301NICA-CAMARENA-CRESPO.png","jetpack_sharing_enabled":true,"publishpress_future_action":{"enabled":false,"date":"2026-05-07 04:34:54","action":"change-status","newStatus":"draft","terms":[],"taxonomy":"category","extraData":[]},"publishpress_future_workflow_manual_trigger":{"enabledWorkflows":[]},"_links":{"self":[{"href":"https:\/\/noticiasveracruz.com\/index.php\/wp-json\/wp\/v2\/posts\/4144","targetHints":{"allow":["GET"]}}],"collection":[{"href":"https:\/\/noticiasveracruz.com\/index.php\/wp-json\/wp\/v2\/posts"}],"about":[{"href":"https:\/\/noticiasveracruz.com\/index.php\/wp-json\/wp\/v2\/types\/post"}],"author":[{"embeddable":true,"href":"https:\/\/noticiasveracruz.com\/index.php\/wp-json\/wp\/v2\/users\/4"}],"replies":[{"embeddable":true,"href":"https:\/\/noticiasveracruz.com\/index.php\/wp-json\/wp\/v2\/comments?post=4144"}],"version-history":[{"count":0,"href":"https:\/\/noticiasveracruz.com\/index.php\/wp-json\/wp\/v2\/posts\/4144\/revisions"}],"wp:featuredmedia":[{"embeddable":true,"href":"https:\/\/noticiasveracruz.com\/index.php\/wp-json\/wp\/v2\/media\/3285"}],"wp:attachment":[{"href":"https:\/\/noticiasveracruz.com\/index.php\/wp-json\/wp\/v2\/media?parent=4144"}],"wp:term":[{"taxonomy":"category","embeddable":true,"href":"https:\/\/noticiasveracruz.com\/index.php\/wp-json\/wp\/v2\/categories?post=4144"},{"taxonomy":"post_tag","embeddable":true,"href":"https:\/\/noticiasveracruz.com\/index.php\/wp-json\/wp\/v2\/tags?post=4144"}],"curies":[{"name":"wp","href":"https:\/\/api.w.org\/{rel}","templated":true}]}}