{"id":4142,"date":"2022-05-10T05:47:42","date_gmt":"2022-05-10T10:47:42","guid":{"rendered":"https:\/\/noticiasveracruz.com\/?p=4142"},"modified":"2022-05-10T05:47:42","modified_gmt":"2022-05-10T10:47:42","slug":"las-responsabilidades-del-estado-mexicano-en-las-violaciones-de-derechos-humanos","status":"publish","type":"post","link":"https:\/\/noticiasveracruz.com\/index.php\/2022\/05\/10\/las-responsabilidades-del-estado-mexicano-en-las-violaciones-de-derechos-humanos\/","title":{"rendered":"Las responsabilidades del Estado mexicano en las violaciones de derechos humanos"},"content":{"rendered":"<p>&nbsp;<\/p>\n<p>&nbsp;<\/p>\n<p class=\"p1\"><strong><span style=\"font-size: 18pt;\">Por Ricardo Homs<\/span><\/strong><\/p>\n<p class=\"p1\"><span style=\"font-size: 14pt;\">En el asesinato del estudiante universitario Angel Yael, -en Guanajuato-, a manos de un miembro de la Guardia Nacional el Estado Mexicano y en concreto el gobierno federal, tienen mucha responsabilidad.<\/span><\/p>\n<p class=\"p1\"><span style=\"font-size: 14pt;\">El agente accion\u00f3 el arma, pero detr\u00e1s de ello est\u00e1 la responsabilidad gubernamental por no capacitar a la gente a la que entrega armamento para brindar seguridad a la ciudadan\u00eda, as\u00ed como por no instrumentar protocolos de actuaci\u00f3n de crisis y adem\u00e1s por no seleccionar a la gente id\u00f3nea para el cargo, a fi de que tenga la capacidad emocional para enfrentar el peligro, al que continuamente est\u00e1n expuestos.<\/span><\/p>\n<p class=\"p1\"><span style=\"font-size: 14pt;\">Esas omisiones gubernamentales son graves.<\/span><\/p>\n<p class=\"p1\"><span style=\"font-size: 14pt;\">Entregar un arma a un polic\u00eda es una gran responsabilidad y sin embargo, no se ha profesionalizado a estos cuerpos policiacos para que operen en el \u00e1mbito civil. <\/span><\/p>\n<p class=\"p1\"><span style=\"font-size: 14pt;\">Por otra parte, si nos referimos a los miembros de las fuerzas armadas que se integran a labores de seguridad p\u00fablica ciudadana, debemos reconocer que la conducta de un soldado o un marino, -proveniente de la Armada de M\u00e9xico-, traen como vocaci\u00f3n institucional la defensa de la patria frente a invasiones extranjeras y el tema de derechos humanos no es parte de la cultura castrense.<\/span><\/p>\n<p class=\"p1\"><span style=\"font-size: 14pt;\">\u00bfEntonces de quien es la culpa de violaciones de derechos humanos ciudadanos en el \u00e1mbito de la seguridad p\u00fablica?<\/span><\/p>\n<p class=\"p1\"><span style=\"font-size: 14pt;\">Definitivamente la mayor responsabilidad es de la instituci\u00f3n que entrega el arma y viste de autoridad y poder a una persona, pero no le capacita en el trato con la ciudadan\u00eda. <\/span><\/p>\n<p class=\"p1\"><span style=\"font-size: 14pt;\">Es m\u00e1s, nuestra Constituci\u00f3n marca que las fuerzas armadas deben actuar en el \u00e1mbito militar y no en el civil y por tanto se viola la ley cuando militares y marinos vigilan las calles.<\/span><\/p>\n<p class=\"p1\"><span style=\"font-size: 14pt;\">Sin embargo, la violencia desmedida que vive M\u00e9xico desde los \u00faltimos a\u00f1os exige la intervenci\u00f3n de profesionales altamente disciplinados, -como son los miembros de las fuerzas armadas-, pero esto debe asumirse de modo temporal mientras las polic\u00edas municipales y estatales se capacitan.<\/span><\/p>\n<p class=\"p1\"><span style=\"font-size: 14pt;\">El proyecto de profesionalizaci\u00f3n de las polic\u00edas de todo el pa\u00eds tiene muchos a\u00f1os de estarse instrumentando, pero sin avances significativos. Para ello las autoridades municipales y estatales<span class=\"Apple-converted-space\">\u00a0 <\/span>recibieron mucho dinero, entregado a lo largo de diversas administraciones a autoridades municipales y estatales, presupuesto etiquetado para el desarrollo policial, que sin embargo ha desaparecido generando sospechas de corrupci\u00f3n no comprobada. <\/span><\/p>\n<p class=\"p1\"><span style=\"font-size: 14pt;\">Ni los alcaldes han comprado armamento capaz de neutralizar a los sicarios de los c\u00e1rteles, ni equipo de protecci\u00f3n suficiente para proteger su vida y peor a\u00fan, sus condiciones laborales son abusivas, pues ni siquiera tienen seguridad social. <\/span><\/p>\n<p class=\"p1\"><span style=\"font-size: 14pt;\">Los salarios son paup\u00e9rrimos e insuficientes. La mayor\u00eda de los polic\u00edas que arriesgan su existencia en este clima violento no tienen seguro de vida que proteja a sus familias y les cuide en caso de fallecer el titular, o por si quedan totalmente invalidados fisiol\u00f3gicamente.<\/span><\/p>\n<p class=\"p1\"><span style=\"font-size: 14pt;\">La mayor\u00eda de las polic\u00edas civiles tampoco tienen un plan de pensiones para la vejez.<\/span><\/p>\n<p class=\"p1\"><span style=\"font-size: 14pt;\">El tema de seguridad p\u00fablica es complejo y multifactorial, pero por lo memos requiere capacitaci\u00f3n y creaci\u00f3n de protocolos de actuaci\u00f3n que regulen a las polic\u00edas municipales.<\/span><\/p>\n<p class=\"p1\"><span style=\"font-size: 14pt;\">La delincuencia organizada y los c\u00e1rteles est\u00e1n creciendo como fen\u00f3meno local, territorialmente hablando.<\/span><\/p>\n<p class=\"p1\"><span style=\"font-size: 14pt;\">Han tomado control de las polic\u00edas municipales en un creciente n\u00famero de municipios apartados de las grandes ciudades y capitales, donde pueden actuar con impunidad para tomar control territorial, como ha sucedido en Michoac\u00e1n y la Sierra de Guerrero.<\/span><\/p>\n<p class=\"p1\"><span style=\"font-size: 14pt;\">No se podr\u00e1 combatir la violencia desmedida si no se profesionaliza a la Guardia Civil y a las polic\u00edas municipales y estatales.<\/span><\/p>\n<p>&nbsp;<\/p>\n<p class=\"p1\"><strong><span style=\"font-size: 18pt;\">\u00bfA usted que le parece?<\/span><\/strong><\/p>\n<p>&nbsp;<\/p>\n<p>&nbsp;<\/p>\n<p class=\"p1\"><span style=\"font-size: 18pt;\"><strong>Facebook:<a href=\"https:\/\/www.facebook.com\/Ricardo.Homs1\">@Ricardo.Homs1<\/a><\/strong><\/span><\/p>\n<p class=\"p1\"><span style=\"font-size: 18pt;\"><strong>Twitter:\u00a0<\/strong><a href=\"https:\/\/twitter.com\/homsricardo\"><strong>@homsricardo<\/strong><\/a><\/span><\/p>\n<p class=\"p1\"><span style=\"font-size: 18pt;\"><strong>Linkedin:\u00a0<a href=\"https:\/\/www.linkedin.com\/in\/ricardo-homs-3920449\/?originalSubdomain=mx\">RicardoHoms<\/a><\/strong><\/span><\/p>\n<p class=\"p1\"><span style=\"font-size: 18pt;\"><a href=\"https:\/\/ricardohoms.com\/\"><strong>www.ricardohoms.com<\/strong><\/a><\/span><\/p>\n<p>&nbsp;<\/p>\n<p>&nbsp;<\/p>\n<p>&nbsp;<\/p>\n","protected":false},"excerpt":{"rendered":"<p>&nbsp; &nbsp; Por Ricardo Homs En el asesinato del estudiante universitario Angel Yael, -en Guanajuato-, a manos de un miembro<\/p>\n","protected":false},"author":4,"featured_media":3190,"comment_status":"closed","ping_status":"closed","sticky":false,"template":"","format":"standard","meta":{"colormag_page_container_layout":"default_layout","colormag_page_sidebar_layout":"default_layout","_jetpack_memberships_contains_paid_content":false,"footnotes":"","jetpack_publicize_message":"","jetpack_publicize_feature_enabled":true,"jetpack_social_post_already_shared":false,"jetpack_social_options":{"image_generator_settings":{"template":"highway","default_image_id":0,"font":"","enabled":false},"version":2}},"categories":[6],"tags":[],"class_list":["post-4142","post","type-post","status-publish","format-standard","has-post-thumbnail","hentry","category-columnistas"],"jetpack_publicize_connections":[],"jetpack_featured_media_url":"https:\/\/noticiasveracruz.com\/wp-content\/uploads\/2022\/04\/NV-RICARDO-HOMS.png","jetpack_sharing_enabled":true,"publishpress_future_action":{"enabled":false,"date":"2026-05-07 03:47:19","action":"change-status","newStatus":"draft","terms":[],"taxonomy":"category","extraData":[]},"publishpress_future_workflow_manual_trigger":{"enabledWorkflows":[]},"_links":{"self":[{"href":"https:\/\/noticiasveracruz.com\/index.php\/wp-json\/wp\/v2\/posts\/4142","targetHints":{"allow":["GET"]}}],"collection":[{"href":"https:\/\/noticiasveracruz.com\/index.php\/wp-json\/wp\/v2\/posts"}],"about":[{"href":"https:\/\/noticiasveracruz.com\/index.php\/wp-json\/wp\/v2\/types\/post"}],"author":[{"embeddable":true,"href":"https:\/\/noticiasveracruz.com\/index.php\/wp-json\/wp\/v2\/users\/4"}],"replies":[{"embeddable":true,"href":"https:\/\/noticiasveracruz.com\/index.php\/wp-json\/wp\/v2\/comments?post=4142"}],"version-history":[{"count":0,"href":"https:\/\/noticiasveracruz.com\/index.php\/wp-json\/wp\/v2\/posts\/4142\/revisions"}],"wp:featuredmedia":[{"embeddable":true,"href":"https:\/\/noticiasveracruz.com\/index.php\/wp-json\/wp\/v2\/media\/3190"}],"wp:attachment":[{"href":"https:\/\/noticiasveracruz.com\/index.php\/wp-json\/wp\/v2\/media?parent=4142"}],"wp:term":[{"taxonomy":"category","embeddable":true,"href":"https:\/\/noticiasveracruz.com\/index.php\/wp-json\/wp\/v2\/categories?post=4142"},{"taxonomy":"post_tag","embeddable":true,"href":"https:\/\/noticiasveracruz.com\/index.php\/wp-json\/wp\/v2\/tags?post=4142"}],"curies":[{"name":"wp","href":"https:\/\/api.w.org\/{rel}","templated":true}]}}