{"id":4134,"date":"2022-05-09T19:21:05","date_gmt":"2022-05-10T00:21:05","guid":{"rendered":"https:\/\/noticiasveracruz.com\/?p=4134"},"modified":"2022-05-09T19:21:05","modified_gmt":"2022-05-10T00:21:05","slug":"asesinan-dos-periodistas-yessenia-mollinedo-y-johana-garcia-en-veracruz","status":"publish","type":"post","link":"https:\/\/noticiasveracruz.com\/index.php\/2022\/05\/09\/asesinan-dos-periodistas-yessenia-mollinedo-y-johana-garcia-en-veracruz\/","title":{"rendered":"Asesinan dos periodistas Yessenia Mollinedo y Johana Garc\u00eda en Veracruz"},"content":{"rendered":"<p class=\"p1\"><span style=\"font-size: 14pt;\"><em><strong>Xalapa.<\/strong> <\/em><strong>Yessenia Mollinedo Falconi, directora del portal El Veraz fue asesinada a balazos junto con la reportera, Sheila Johana Garc\u00eda Olivera<\/strong>, quien muri\u00f3 en el lugar, en el municipio de Cosoleacaque al sur de Veracruz. <strong>Mollinedo Falconi recibi\u00f3 cinco disparos y muri\u00f3 en un hospital de lugar a los cinco minutos de haber llegado.<\/strong><\/span><\/p>\n<p class=\"p1\"><span style=\"font-size: 14pt;\"><strong>Los asesinatos ocurrieron en el estacionamiento del Oxxo en la colonia Cerro alto<\/strong> del municipio, cuando en el veh\u00edculo en el que viajaban se encontraba estacionado y fueron atacadas a balazos. Ambas murieron en el lugar dentro del autom\u00f3vil gris Ford de model<\/span><span style=\"font-size: 14pt;\">o atrasado.<\/span><\/p>\n<p>&nbsp;<\/p>\n<p><img loading=\"lazy\" decoding=\"async\" class=\"aligncenter wp-image-5045 size-large\" src=\"https:\/\/politicosaldesnudo.com.mx\/wp-content\/uploads\/2022\/05\/P-ASESINADAS2-1024x573.png\" alt=\"\" width=\"800\" height=\"448\" \/><\/p>\n<p>&nbsp;<\/p>\n<blockquote>\n<p class=\"p1\"><span style=\"font-size: 14pt;\">La Fiscal General del Estado, Ver\u00f3nica Hern\u00e1ndez Giad\u00e1ns, asegura que no habr\u00e1 impunidad; se agotar\u00e1n todas las l\u00edneas de investigaci\u00f3n, incluida su actividad period\u00edstica\u201d, se\u00f1ala el comunicado de la dependencia.<\/span><\/p>\n<\/blockquote>\n<p>&nbsp;<\/p>\n<p class=\"p1\"><span style=\"font-size: 18pt;\"><strong>La Comisi\u00f3n Estatal de Atenci\u00f3n y Protecci\u00f3n a Periodistas emiti\u00f3 un comunicado condenando los hechos y solicit\u00f3 a la autoridad ministerial que la actividad period\u00edstica de ambas comunicadoras sea la principal l\u00ednea de investigaci\u00f3n del crimen.\u00a0<\/strong><\/span><\/p>\n<p>&nbsp;<\/p>\n<figure id=\"attachment_5043\" aria-describedby=\"caption-attachment-5043\" style=\"width: 600px\" class=\"wp-caption aligncenter\"><img loading=\"lazy\" decoding=\"async\" class=\"wp-image-5043\" src=\"https:\/\/politicosaldesnudo.com.mx\/wp-content\/uploads\/2022\/05\/P-YESENIA-300x289.png\" alt=\"\" width=\"600\" height=\"578\" \/><figcaption id=\"caption-attachment-5043\" class=\"wp-caption-text\">La periodista veracruzana, Yessenia Mollinedo Falconi.<\/figcaption><\/figure>\n<p>&nbsp;<\/p>\n<p class=\"p1\"><span style=\"font-size: 14pt;\">La Secretar\u00eda de Seguridad P\u00fablica en coordinaci\u00f3n con fuerzas federales,<strong> activ\u00f3 el operativo C\u00f3digo Rojo<\/strong>, <strong>tras agresi\u00f3n a periodistas en el municipio de Cosoleacaque.<\/strong><\/span><\/p>\n<p class=\"p1\"><span style=\"font-size: 14pt;\">Las fuerzas del orden mantienen operativo en la zona para la b\u00fasqueda y localizaci\u00f3n de los agresores. Este asesinato se suma a\u00a0\u00a0otros cinco durante el gobierno de Morena de Cuitl\u00e1huac Garc\u00eda.\u00a0<\/span><\/p>\n<p>&nbsp;<\/p>\n<blockquote class=\"twitter-tweet\" data-width=\"550\" data-dnt=\"true\">\n<p lang=\"es\" dir=\"ltr\">Se ha activado ya un operativo coordinado de b\u00fasqueda de los responsables por el homicidio de una periodista en el municipio de Cosoleacaque. Que le quede claro a quien no quisiera entenderlo, en Veracruz ya no hay ni complicidades ni se tolerar\u00e1 estas agresiones cualquiera.<\/p>\n<p>1\/3<\/p>\n<p>&mdash; Cuitl\u00e1huac Garc\u00eda (@CuitlahuacGJ) <a href=\"https:\/\/twitter.com\/CuitlahuacGJ\/status\/1523783287365259264?ref_src=twsrc%5Etfw\">May 9, 2022<\/a><\/p><\/blockquote>\n<p><script async src=\"https:\/\/platform.twitter.com\/widgets.js\" charset=\"utf-8\"><\/script><\/p>\n<p>&nbsp;<\/p>\n<p class=\"p1\"><span style=\"font-size: 18pt;\"><strong>Jorge Celestino Ru\u00edz V\u00e1zquez asesinado el 2 de agosto de 2019, Mar\u00eda Elena Ferral, asesinada el 30 de Marzo de 2020; Julio Valdivia asesinado el 9 de Septiembre de 2020; Jacinto Romero Flores asesinado el 19 de Agosto de 2021 y Jos\u00e9 Luis Gamboa Arenas, asesinado el 10 de enero de este a\u00f1o.<\/strong><\/span><\/p>\n<p>&nbsp;<\/p>\n<blockquote class=\"twitter-tweet\" data-width=\"550\" data-dnt=\"true\">\n<p lang=\"es\" dir=\"ltr\">\u00a1Ponte a trabajar Cuitl\u00e1huac! \u00a1Ponte a trabajar Eric Cisneros! Acaban de asesinar una periodista mas. Muere Yesenia Mollinedo Falconi. La mataron junto a otra mujer en <a href=\"https:\/\/twitter.com\/hashtag\/Cosoleacaque?src=hash&amp;ref_src=twsrc%5Etfw\">#Cosoleacaque<\/a> <a href=\"https:\/\/twitter.com\/hashtag\/Veracruz?src=hash&amp;ref_src=twsrc%5Etfw\">#Veracruz<\/a> cerca de <a href=\"https:\/\/twitter.com\/hashtag\/Coatzacoalcos?src=hash&amp;ref_src=twsrc%5Etfw\">#Coatzacoalcos<\/a> \u00a1Ya basta! <a href=\"https:\/\/t.co\/f09X56yQE9\">pic.twitter.com\/f09X56yQE9<\/a><\/p>\n<p>&mdash; Rodrigo Barranco (@rodrigo_dector) <a href=\"https:\/\/twitter.com\/rodrigo_dector\/status\/1523766857139851264?ref_src=twsrc%5Etfw\">May 9, 2022<\/a><\/p><\/blockquote>\n<p><script async src=\"https:\/\/platform.twitter.com\/widgets.js\" charset=\"utf-8\"><\/script><\/p>\n<p>&nbsp;<\/p>\n<p>&nbsp;<\/p>\n<p>&nbsp;<\/p>\n<p>&nbsp;<\/p>\n","protected":false},"excerpt":{"rendered":"<p>Xalapa. Yessenia Mollinedo Falconi, directora del portal El Veraz fue asesinada a balazos junto con la reportera, Sheila Johana Garc\u00eda<\/p>\n","protected":false},"author":4,"featured_media":4135,"comment_status":"closed","ping_status":"closed","sticky":false,"template":"","format":"standard","meta":{"colormag_page_container_layout":"default_layout","colormag_page_sidebar_layout":"default_layout","_jetpack_memberships_contains_paid_content":false,"footnotes":"","jetpack_publicize_message":"","jetpack_publicize_feature_enabled":true,"jetpack_social_post_already_shared":false,"jetpack_social_options":{"image_generator_settings":{"template":"highway","default_image_id":0,"font":"","enabled":false},"version":2}},"categories":[356],"tags":[637,636,217,73],"class_list":["post-4134","post","type-post","status-publish","format-standard","has-post-thumbnail","hentry","category-veracruz","tag-asesinadas","tag-cosoloacaque","tag-periodistas","tag-veracruz"],"jetpack_publicize_connections":[],"jetpack_featured_media_url":"https:\/\/noticiasveracruz.com\/wp-content\/uploads\/2022\/05\/P-ASESINADAS1.png","jetpack_sharing_enabled":true,"publishpress_future_action":{"enabled":false,"date":"2026-05-07 05:14:56","action":"change-status","newStatus":"draft","terms":[],"taxonomy":"category","extraData":[]},"publishpress_future_workflow_manual_trigger":{"enabledWorkflows":[]},"_links":{"self":[{"href":"https:\/\/noticiasveracruz.com\/index.php\/wp-json\/wp\/v2\/posts\/4134","targetHints":{"allow":["GET"]}}],"collection":[{"href":"https:\/\/noticiasveracruz.com\/index.php\/wp-json\/wp\/v2\/posts"}],"about":[{"href":"https:\/\/noticiasveracruz.com\/index.php\/wp-json\/wp\/v2\/types\/post"}],"author":[{"embeddable":true,"href":"https:\/\/noticiasveracruz.com\/index.php\/wp-json\/wp\/v2\/users\/4"}],"replies":[{"embeddable":true,"href":"https:\/\/noticiasveracruz.com\/index.php\/wp-json\/wp\/v2\/comments?post=4134"}],"version-history":[{"count":0,"href":"https:\/\/noticiasveracruz.com\/index.php\/wp-json\/wp\/v2\/posts\/4134\/revisions"}],"wp:featuredmedia":[{"embeddable":true,"href":"https:\/\/noticiasveracruz.com\/index.php\/wp-json\/wp\/v2\/media\/4135"}],"wp:attachment":[{"href":"https:\/\/noticiasveracruz.com\/index.php\/wp-json\/wp\/v2\/media?parent=4134"}],"wp:term":[{"taxonomy":"category","embeddable":true,"href":"https:\/\/noticiasveracruz.com\/index.php\/wp-json\/wp\/v2\/categories?post=4134"},{"taxonomy":"post_tag","embeddable":true,"href":"https:\/\/noticiasveracruz.com\/index.php\/wp-json\/wp\/v2\/tags?post=4134"}],"curies":[{"name":"wp","href":"https:\/\/api.w.org\/{rel}","templated":true}]}}