{"id":4124,"date":"2022-05-09T03:20:09","date_gmt":"2022-05-09T08:20:09","guid":{"rendered":"https:\/\/noticiasveracruz.com\/?p=4124"},"modified":"2022-05-09T03:20:09","modified_gmt":"2022-05-09T08:20:09","slug":"mexico-frontera-continental","status":"publish","type":"post","link":"https:\/\/noticiasveracruz.com\/index.php\/2022\/05\/09\/mexico-frontera-continental\/","title":{"rendered":"M\u00e9xico frontera continental"},"content":{"rendered":"<p>&nbsp;<\/p>\n<p class=\"p1\"><strong><span style=\"font-size: 18pt;\">&lt;&lt;El nuevo orden del planeta tiene en Am\u00e9rica Latina la digna tradici\u00f3n de respeto a la autodeterminaci\u00f3n de los pueblos&gt;&gt;<\/span><\/strong><\/p>\n<p>&nbsp;<\/p>\n<p class=\"p1\"><strong><span style=\"font-size: 18pt;\">Por \u00c1ngel \u00c1lvaro Pe\u00f1a<\/span><\/strong><\/p>\n<p class=\"p1\"><span style=\"font-size: 14pt;\">Centroam\u00e9rica y el sureste mexicano es una gran casa que la historia dividi\u00f3, pero compartimos una de las culturas m\u00e1s avanzadas del mundo en su momento, la maya.<\/span><\/p>\n<p class=\"p1\"><span style=\"font-size: 14pt;\">Sus adelantos sorprendieron a los conquistadores del Viejo Mundo que admiraron observatorios, escritura, historia, astronom\u00eda, y reglas sociales desconocidas para el planeta.<\/span><\/p>\n<p class=\"p1\"><span style=\"font-size: 14pt;\">La cultura maya empieza en el sureste mexicano y llega hasta bien avanzada Centroam\u00e9rica.<\/span><\/p>\n<p class=\"p1\"><span style=\"font-size: 14pt;\">Desde los estados mexicanos de Quintana Roo, Yucat\u00e1n, Campeche, Tabasco, hasta pa\u00edses como Belice, Honduras y Guatemala.<\/span><\/p>\n<p class=\"p1\"><span style=\"font-size: 14pt;\">Las ra\u00edces se reencuentran no s\u00f3lo en la historia sino en la construcci\u00f3n conjunta del futuro.<\/span><\/p>\n<p class=\"p1\"><span style=\"font-size: 14pt;\">Por muchos a\u00f1os dimos la espalda a los vecinos del sur por atender servil y exageradamente al vecino del norte, que no por poderoso ser\u00eda mejor vecino o buen amigo. Tan cerca est\u00e1 M\u00e9xico de Estados Unidos como de Belice o Guatemala, El Salvador o Cuba. Junto con ellos nos herman\u00f3 la peste que significaba una conquista salvaje y explotadora de ind\u00edgenas, que desde la Colonia fueron vistos como seres humanos de segunda. La discriminaci\u00f3n se volvi\u00f3 herencia y costumbre en algunas partes de la sociedad mexicana que todav\u00eda no puede erradicar.<\/span><\/p>\n<p>&nbsp;<\/p>\n<p><img loading=\"lazy\" decoding=\"async\" class=\"aligncenter wp-image-5030 size-large\" src=\"https:\/\/politicosaldesnudo.com.mx\/wp-content\/uploads\/2022\/05\/P-AMLO1-1024x573.png\" alt=\"\" width=\"800\" height=\"448\" \/><\/p>\n<p>&nbsp;<\/p>\n<p class=\"p1\"><span style=\"font-size: 18pt;\"><b>EL FUTURO<\/b><\/span><\/p>\n<p class=\"p1\"><span style=\"font-size: 14pt;\">En la gira del Presidente de M\u00e9xico por Centroam\u00e9rica y el Caribe las coincidencias con sus hom\u00f3logos mostraron su visi\u00f3n com\u00fan, sus necesidades, su origen y su futuro. Estos encuentros marcaron un antes y un despu\u00e9s. Hay mucha historia que contar, pero lo m\u00e1s importante es el futuro.<\/span><\/p>\n<p class=\"p1\"><span style=\"font-size: 14pt;\">Desde la llegada al primer pa\u00eds de la gira, El Salvador, las coincidencias imperaron sobre las diferencias y se acordaron estrategias y soluciones sobre la migraci\u00f3n.<\/span><\/p>\n<p class=\"p1\"><span style=\"font-size: 14pt;\">Por otra parte, en Belice, la embajadora de M\u00e9xico en ese pa\u00eds, Martha Zamarripa, hab\u00eda informado sobre el inter\u00e9s del primer ministro, Johnny Brice\u00f1o para que el Tren Maya se conectara con su pa\u00eds.<\/span><\/p>\n<p class=\"p1\"><span style=\"font-size: 14pt;\">Este transporte abarca m\u00e1s de 1,460 kil\u00f3metros y no s\u00f3lo es un veh\u00edculo para pasajeros sino que al ser un tren de carga, apoya por su paso todas las estaciones intermedias, motivo por el cual est\u00e1n interesados gobiernos de los pa\u00edses vecinos en formar parte de su trayecto.<\/span><\/p>\n<p class=\"p1\"><span style=\"font-size: 14pt;\">Belice, a pesar de ser un pa\u00eds cercano es desconocido por la mayor\u00eda de los mexicanos. No s\u00f3lo son playas inenarrables sino un mundo de historia que complementa la visi\u00f3n de la cultura maya en los vestigios que se encuentran en su territorio y en la continuidad de hechos y tradiciones que compartimos.<\/span><\/p>\n<p class=\"p1\"><span style=\"font-size: 14pt;\">Porque adem\u00e1s del buceo y el sol en Belice, se afirma que ah\u00ed se levanta una piedra y se encuentra un vestigio maya. Existen m\u00e1s de 900 restos arqueol\u00f3gicos en casi 23 mil kil\u00f3metros de territorio. Con un litoral de 386 kil\u00f3metros, los belice\u00f1os tienen mucho que ofrecer al turista, al historiador, al inversionista.<\/span><\/p>\n<p class=\"p1\"><span style=\"font-size: 14pt;\">El Reino Unido, pa\u00eds que se apoderara por la fuerza del vecino del sur, hasta hace 41 a\u00f1os apenas, s\u00f3lo us\u00f3 al pa\u00eds centroamericano como punto estrat\u00e9gico en las batallas mar\u00edtimas. Ahora que las guerras son a larga distancia y los misiles pueden viajar miles de kil\u00f3metros Belice dej\u00f3 de interesarle a los ingleses, pero el potencial humano ah\u00ed est\u00e1, compartiendo ra\u00edces con el resto de Centroam\u00e9rica y hermanando su futuro con otros pueblos.<\/span><\/p>\n<p class=\"p1\"><span style=\"font-size: 14pt;\">Los mayas vivieron en Belice desde 2000 AC., especialmente radicaban en pantanos costeros, y explotaban la riqueza de las monta\u00f1as, celebrando sus ceremonias en cuevas, eran aproximadamente un mill\u00f3n de mayas, poblaci\u00f3n que contrasta con los 300,000 habitantes de la actualidad.<\/span><\/p>\n<p>&nbsp;<\/p>\n<p class=\"p1\"><span style=\"font-size: 18pt;\"><b>RETO PARA EU<\/b><\/span><\/p>\n<p class=\"p1\"><span style=\"font-size: 14pt;\">La gira por Centroam\u00e9rica del Presidente de M\u00e9xico es una gira que algunos interpretan como un reto ante un gobierno estadounidense que en este momento busca enemigos para tener un frente com\u00fan y unir alrededor de su desprestigiado presidente a la poblaci\u00f3n; sin embargo, la popularidad de Biden no puede mediarse por los logros de otros mandatarios ni por sus errores o desaciertos.<\/span><\/p>\n<p class=\"p1\"><span style=\"font-size: 14pt;\">La visi\u00f3n que prevalece en Estados Unidos, y en sectores conservadores de M\u00e9xico, se trata de un viaje que es congruente con nuestra tradici\u00f3n de pol\u00edtica externa, en vano el Presidente de nuestro pa\u00eds estuvo acompa\u00f1ado por el secretario de Relaciones Exteriores, Marcelo Ebrard, quien ha continuado la pol\u00edtica de respeto con el mundo, como lo hiciera su similar Manuel Tello, quien ocup\u00f3 ese cargo durante el sexenio de Adolfo L\u00f3pez Mateos, quien reconoci\u00f3 a la Revoluci\u00f3n Cubana en 1959, a pesar de la presi\u00f3n que ejerc\u00eda el vecino del norte. Tres a\u00f1os despu\u00e9s se expulsar\u00eda de la OEA al gobierno de la isla por declararse socialista.<\/span><\/p>\n<p class=\"p1\"><span style=\"font-size: 14pt;\">La continuidad del respeto a la autodeterminaci\u00f3n de los pueblos que ha mostrado M\u00e9xico, desde que se instaur\u00f3 la Doctrina Estrada, impulsada por Genaro Estrada F\u00e9lix, titular de Relaciones Exteriores durante la Presidencia de Pascual Ortiz Rubio. Este funcionario redact\u00f3 con precisi\u00f3n un comunicado el 27 de septiembre de 1930, donde se asentaba la posici\u00f3n de nuestro pa\u00eds ante el mundo.<\/span><\/p>\n<p class=\"p1\"><span style=\"font-size: 14pt;\">Pol\u00edtica que se continu\u00f3 tambi\u00e9n durante el sexenio de Luis Echeverr\u00eda cuando en Chile, Augusto Pinochet da un violento golpe de Estado, entonces se instruye al embajador mexicanos en ese pa\u00eds, Gonzalo Mart\u00ednez Corbal\u00e1, romper relaciones con la dictadura militar.<\/span><\/p>\n<p class=\"p1\"><span style=\"font-size: 14pt;\">La gira por El Salvador, Honduras, Belice, Guatemala Belice y Cuba, se convierte en un hecho singular y sin precedente en la historia diplom\u00e1tica reciente de nuestro pa\u00eds, fortalece a Am\u00e9rica Latina, y crea alrededor de M\u00e9xico una defensa por la soberan\u00eda y el respeto a las naciones que antes no exist\u00eda, Centroam\u00e9rica fue, por muchos a\u00f1os, el patio trasero de Estados Unidos, un lugar de entrenamiento de su ej\u00e9rcito y sede de escuelas de espionaje y tortura de sus agencias de inteligencia.<\/span><\/p>\n<p>&nbsp;<\/p>\n<p class=\"p1\"><span style=\"font-size: 18pt;\"><b>LA MIGRACI\u00d3N <\/b><\/span><\/p>\n<p class=\"p1\"><span style=\"font-size: 14pt;\">El Presidente de M\u00e9xico se\u00f1al\u00f3 que El Salvador que el problema de la migraci\u00f3n irregular demanda un esfuerzo conjunto de los pa\u00edses centroamericanos, aunado al de M\u00e9xico y Estados Unidos.<\/span><\/p>\n<p class=\"p1\"><span style=\"font-size: 14pt;\">La migraci\u00f3n es un derecho humano, pero tambi\u00e9n un conflicto social que debe encontrar su punto medio con acuerdos y organizaci\u00f3n entre gobiernos.<\/span><\/p>\n<p class=\"p1\"><span style=\"font-size: 14pt;\">M\u00e9xico tiene toda la fuerza y su gobierno cuenta con la legitimidad para convertirse en el puente de unidad no s\u00f3lo con Centroam\u00e9rica sino Am\u00e9rica Latina, como un frente democr\u00e1tico ante cualquier embate antidemocr\u00e1tico.<\/span><\/p>\n<p class=\"p1\"><span style=\"font-size: 14pt;\">Con Belice se cancelaron los aranceles de alimentos, con Cuba se estrecharon lazos que nunca se debilitaron pero que fueron agredidos por analfabetas pol\u00edticos desde M\u00e9xico, que en alg\u00fan momento trataron de alejar a la isla del continente. M\u00e9xico y Cuba unen sus voces para poner fin a un bloqueo que ya no tiene raz\u00f3n de ser y lastima los derechos de un pueblo que resiste y vive en libertad a pesar de que Estados Unidos no quiere darles permiso de ser felices.<\/span><\/p>\n<p class=\"p1\"><span style=\"font-size: 14pt;\">De tanto ver la norte algunos se olvidaron del sur, ahora caminamos con nuestros vecinos, al mismo paso, frente a la historia. Esta gira es el principio de un nuevo orden latinoamericano.<\/span><\/p>\n","protected":false},"excerpt":{"rendered":"<p>&nbsp; &lt;&lt;El nuevo orden del planeta tiene en Am\u00e9rica Latina la digna tradici\u00f3n de respeto a la autodeterminaci\u00f3n de los<\/p>\n","protected":false},"author":4,"featured_media":4125,"comment_status":"closed","ping_status":"closed","sticky":false,"template":"","format":"standard","meta":{"colormag_page_container_layout":"default_layout","colormag_page_sidebar_layout":"default_layout","_jetpack_memberships_contains_paid_content":false,"footnotes":"","jetpack_publicize_message":"","jetpack_publicize_feature_enabled":true,"jetpack_social_post_already_shared":false,"jetpack_social_options":{"image_generator_settings":{"template":"highway","default_image_id":0,"font":"","enabled":false},"version":2}},"categories":[4],"tags":[65,634,418],"class_list":["post-4124","post","type-post","status-publish","format-standard","has-post-thumbnail","hentry","category-nacional","tag-andres-manuel-lopez-obrador","tag-gira-amlo","tag-migracion"],"jetpack_publicize_connections":[],"jetpack_featured_media_url":"https:\/\/noticiasveracruz.com\/wp-content\/uploads\/2022\/05\/FSGoU1KXsAI7UaF.jpeg","jetpack_sharing_enabled":true,"publishpress_future_action":{"enabled":false,"date":"2026-05-07 06:53:28","action":"change-status","newStatus":"draft","terms":[],"taxonomy":"category","extraData":[]},"publishpress_future_workflow_manual_trigger":{"enabledWorkflows":[]},"_links":{"self":[{"href":"https:\/\/noticiasveracruz.com\/index.php\/wp-json\/wp\/v2\/posts\/4124","targetHints":{"allow":["GET"]}}],"collection":[{"href":"https:\/\/noticiasveracruz.com\/index.php\/wp-json\/wp\/v2\/posts"}],"about":[{"href":"https:\/\/noticiasveracruz.com\/index.php\/wp-json\/wp\/v2\/types\/post"}],"author":[{"embeddable":true,"href":"https:\/\/noticiasveracruz.com\/index.php\/wp-json\/wp\/v2\/users\/4"}],"replies":[{"embeddable":true,"href":"https:\/\/noticiasveracruz.com\/index.php\/wp-json\/wp\/v2\/comments?post=4124"}],"version-history":[{"count":0,"href":"https:\/\/noticiasveracruz.com\/index.php\/wp-json\/wp\/v2\/posts\/4124\/revisions"}],"wp:featuredmedia":[{"embeddable":true,"href":"https:\/\/noticiasveracruz.com\/index.php\/wp-json\/wp\/v2\/media\/4125"}],"wp:attachment":[{"href":"https:\/\/noticiasveracruz.com\/index.php\/wp-json\/wp\/v2\/media?parent=4124"}],"wp:term":[{"taxonomy":"category","embeddable":true,"href":"https:\/\/noticiasveracruz.com\/index.php\/wp-json\/wp\/v2\/categories?post=4124"},{"taxonomy":"post_tag","embeddable":true,"href":"https:\/\/noticiasveracruz.com\/index.php\/wp-json\/wp\/v2\/tags?post=4124"}],"curies":[{"name":"wp","href":"https:\/\/api.w.org\/{rel}","templated":true}]}}